{"id":101841,"date":"2019-06-24T15:51:53","date_gmt":"2019-06-24T18:51:53","guid":{"rendered":"http:\/\/www.caririemacao.com\/1\/?p=101841"},"modified":"2019-06-24T15:51:53","modified_gmt":"2019-06-24T18:51:53","slug":"moro-cancela-ida-a-camara-para-falar-sobre-conversas-publicadas-por-site","status":"publish","type":"post","link":"https:\/\/www.caririemacao.com\/1\/2019\/06\/24\/moro-cancela-ida-a-camara-para-falar-sobre-conversas-publicadas-por-site\/","title":{"rendered":"Moro cancela ida \u00e0 C\u00e2mara para falar sobre conversas publicadas por site"},"content":{"rendered":"\n<p>O ministro da Justi\u00e7a e Seguran\u00e7a P\u00fablica, S\u00e9rgio Moro, cancelou a sua ida \u00e0 Comiss\u00e3o de Constitui\u00e7\u00e3o e Justi\u00e7a (CCJ) da C\u00e2mara dos Deputados marcada para quarta-feira (26) para dar explica\u00e7\u00f5es sobre mensagens atribu\u00eddas a ele e a procuradores da Opera\u00e7\u00e3o Lava Jato e publicadas pelo site The Intercept.<\/p>\n\n\n\n<p>O cancelamento foi confirmado pelo presidente da comiss\u00e3o, Felipe Francischini (PSL-PR).<\/p>\n\n\n\n<p>Em nota, a assessoria de imprensa do ministro informou que ele n\u00e3o poderia comparecer \u00e0 audi\u00eancia na C\u00e2mara devido a uma viagem oficial aos Estados Unidos.<\/p>\n\n\n\n<p>Como se tratava de um convite, e n\u00e3o convoca\u00e7\u00e3o, o ministro n\u00e3o era obrigado a comparecer. Ainda n\u00e3o foi marcada nova data.<\/p>\n\n\n\n<p>&#8220;Cancelou, sim. Ent\u00e3o, entre amanh\u00e3 [ter\u00e7a] e depois de amanh\u00e3 [quarta], a gente vai estar escolhendo uma nova data. At\u00e9 porque muitos deputados j\u00e1 est\u00e3o apresentando requerimento de convoca\u00e7\u00e3o, mas eu n\u00e3o vou pautar convoca\u00e7\u00e3o nenhuma. Ent\u00e3o, eu acredito que, no consenso, se a comiss\u00e3o quiser que ele v\u00e1, a gente vai sentir isso amanh\u00e3. Da\u00ed, a gente remarca uma outra data&#8221;, afirmou Francischini.<\/p>\n\n\n\n<p>O adiamento da participa\u00e7\u00e3o de Moro em audi\u00eancia na C\u00e2mara j\u00e1 vinha sendo tratado desde o \u00faltimo s\u00e1bado (22). O presidente da CCJ n\u00e3o se op\u00f4s ao adiamento porque acredita que a C\u00e2mara precisa se concentrar na aprova\u00e7\u00e3o da reforma da Previd\u00eancia durante esta semana.<\/p>\n\n\n\n<p>O The Intercept tem revelado o teor de mensagens que sugerem que S\u00e9rgio Moro orientou a atua\u00e7\u00e3o de integrantes da for\u00e7a-tarefa da Lava Jato enquanto estava \u00e0 frente dos processos em Curitiba.<\/p>\n\n\n\n<p>Na s\u00e9rie de reportagens, o site divulgou supostas conversas nas quais o ex-juiz cobrava de procuradores deflagra\u00e7\u00e3o de novas fases da opera\u00e7\u00e3o, classificava de &#8220;showzinho&#8221; manifesta\u00e7\u00e3o da defesa do ex-presidente Luiz In\u00e1cio Lula da Silva e afirmava que o fato de o Minist\u00e9rio P\u00fablico Federal investigar o ex-presidente Fernando Henrique Cardoso &#8220;melindra algu\u00e9m cujo apoio \u00e9 importante&#8221;.<\/p>\n\n\n\n<p><strong>Senado<\/strong><\/p>\n\n\n\n<p>Na semana passada, Moro compareceu a uma audi\u00eancia na CCJ do Senado para tratar do mesmo tema. Na ocasi\u00e3o, ele disse que n\u00e3o tem nada a esconder sobre as conversas e que n\u00e3o tem &#8220;nenhum apego&#8221; pelo cargo que ocupa no governo Jair Bolsonaro.<\/p>\n\n\n\n<p>O ministro foi ao Senado espontaneamente para dar explica\u00e7\u00f5es sobre o conte\u00fado das mensagens. Ele negou &#8220;conluio&#8221; com o Minist\u00e9rio P\u00fablico para atingir grupos pol\u00edticos e disse que est\u00e1 absolutamente tranquilo sobre a &#8220;corre\u00e7\u00e3o&#8221; das decis\u00f5es que tomou como juiz.<\/p>\n\n\n\n<p>No Senado, Moro levantou suspeita sobre o conte\u00fado das mensagens divulgadas pelo site The Intercept e sugeriu que o material entregue ao site foi obtido por meio de uma invas\u00e3o de celulares de autoridades feita por um &#8220;grupo criminoso&#8221;.<\/p>\n","protected":false},"excerpt":{"rendered":"<p>O ministro da Justi\u00e7a e Seguran\u00e7a P\u00fablica, S\u00e9rgio Moro, cancelou a sua ida \u00e0 Comiss\u00e3o de Constitui\u00e7\u00e3o e Justi\u00e7a (CCJ) da C\u00e2mara dos Deputados marcada&hellip; <\/p>\n","protected":false},"author":1,"featured_media":100226,"comment_status":"closed","ping_status":"closed","sticky":false,"template":"","format":"standard","meta":{"sfsi_plus_gutenberg_text_before_share":"","sfsi_plus_gutenberg_show_text_before_share":"","sfsi_plus_gutenberg_icon_type":"","sfsi_plus_gutenberg_icon_alignemt":"","sfsi_plus_gutenburg_max_per_row":"","footnotes":""},"categories":[11],"tags":[],"class_list":["post-101841","post","type-post","status-publish","format-standard","has-post-thumbnail","hentry","category-politica"],"_links":{"self":[{"href":"https:\/\/www.caririemacao.com\/1\/wp-json\/wp\/v2\/posts\/101841","targetHints":{"allow":["GET"]}}],"collection":[{"href":"https:\/\/www.caririemacao.com\/1\/wp-json\/wp\/v2\/posts"}],"about":[{"href":"https:\/\/www.caririemacao.com\/1\/wp-json\/wp\/v2\/types\/post"}],"author":[{"embeddable":true,"href":"https:\/\/www.caririemacao.com\/1\/wp-json\/wp\/v2\/users\/1"}],"replies":[{"embeddable":true,"href":"https:\/\/www.caririemacao.com\/1\/wp-json\/wp\/v2\/comments?post=101841"}],"version-history":[{"count":1,"href":"https:\/\/www.caririemacao.com\/1\/wp-json\/wp\/v2\/posts\/101841\/revisions"}],"predecessor-version":[{"id":101842,"href":"https:\/\/www.caririemacao.com\/1\/wp-json\/wp\/v2\/posts\/101841\/revisions\/101842"}],"wp:featuredmedia":[{"embeddable":true,"href":"https:\/\/www.caririemacao.com\/1\/wp-json\/wp\/v2\/media\/100226"}],"wp:attachment":[{"href":"https:\/\/www.caririemacao.com\/1\/wp-json\/wp\/v2\/media?parent=101841"}],"wp:term":[{"taxonomy":"category","embeddable":true,"href":"https:\/\/www.caririemacao.com\/1\/wp-json\/wp\/v2\/categories?post=101841"},{"taxonomy":"post_tag","embeddable":true,"href":"https:\/\/www.caririemacao.com\/1\/wp-json\/wp\/v2\/tags?post=101841"}],"curies":[{"name":"wp","href":"https:\/\/api.w.org\/{rel}","templated":true}]}}