{"id":101852,"date":"2019-06-24T16:00:23","date_gmt":"2019-06-24T19:00:23","guid":{"rendered":"http:\/\/www.caririemacao.com\/1\/?p=101852"},"modified":"2019-06-24T16:00:23","modified_gmt":"2019-06-24T19:00:23","slug":"rodrigo-maia-diz-que-congresso-nao-quer-suprimir-papel-do-presidente-da-republica","status":"publish","type":"post","link":"https:\/\/www.caririemacao.com\/1\/2019\/06\/24\/rodrigo-maia-diz-que-congresso-nao-quer-suprimir-papel-do-presidente-da-republica\/","title":{"rendered":"Rodrigo Maia diz que Congresso n\u00e3o quer suprimir papel do presidente da Rep\u00fablica"},"content":{"rendered":"\n<p><br>O presidente Rodrigo Maia defendeu hoje que a C\u00e2mara e o Senado assumam papel relevante na defini\u00e7\u00e3o da agenda do Pa\u00eds. Segundo Maia, al\u00e9m da pauta econ\u00f4mica, como a redu\u00e7\u00e3o de juros e a autonomia do Banco Central, a Casa quer discutir propostas da \u00e1rea de infraestrutura, como o novo marco legal do saneamento b\u00e1sico no Pa\u00eds, e da \u00e1rea de educa\u00e7\u00e3o, como nova lei sobre a primeira inf\u00e2ncia.<\/p>\n\n\n\n<p>O presidente da C\u00e2mara ressaltou que algumas propostas est\u00e3o sendo discutidas em conjunto com o governo e negou que o Congresso queira suprimir o papel do Poder Executivo.<\/p>\n\n\n\n<p>\u201cNingu\u00e9m quer suprimir o papel do presidente da Rep\u00fablica nem de suas prerrogativas, at\u00e9 porque h\u00e1 muitos projetos que dependem do Poder Executivo. Tem outros que podem ter prerrogativas dos parlamentares e n\u00f3s faremos. Mas sempre em conjunto\u201d, refor\u00e7ou.<\/p>\n\n\n\n<figure class=\"wp-block-image\"><img decoding=\"async\" data-src=\"https:\/\/paraibaonline.com.br\/wp-content\/uploads\/2019\/06\/rodrigo-maia-2-567x378.jpg\" alt=\"Foto Antonio Cruz\/ Ag\u00eancia Brasil\" class=\"wp-image-746812 lazyload\" src=\"data:image\/svg+xml;base64,PHN2ZyB3aWR0aD0iMSIgaGVpZ2h0PSIxIiB4bWxucz0iaHR0cDovL3d3dy53My5vcmcvMjAwMC9zdmciPjwvc3ZnPg==\" style=\"--smush-placeholder-width: 567px; --smush-placeholder-aspect-ratio: 567\/378;\" \/><\/figure>\n\n\n\n<p>Foto Antonio Cruz\/ Ag\u00eancia Brasil<\/p>\n\n\n\n<p><strong>Economia e infraestrutura<br><\/strong>Entre os projetos da \u00e1rea econ\u00f4mica, Maia destacou a necessidade de se discutir uma nova lei cambial, a redu\u00e7\u00e3o dos juros banc\u00e1rios e a autonomia do Banco Central.<\/p>\n\n\n\n<p>J\u00e1 em rela\u00e7\u00e3o \u00e0 infraestrutura, o presidente afirmou que pretende votar at\u00e9 a primeira semana de agosto o novo marco legal do saneamento b\u00e1sico no Pa\u00eds e a moderniza\u00e7\u00e3o da legisla\u00e7\u00e3o sobre parcerias p\u00fablico-privadas. Rodrigo Maia tamb\u00e9m disse que a C\u00e2mara quer debater propostas que contribuam com a redu\u00e7\u00e3o da pobreza no Pa\u00eds.<\/p>\n\n\n\n<p><strong>Educa\u00e7\u00e3o e sa\u00fade<br><\/strong>Na \u00e1rea da educa\u00e7\u00e3o, Maia destacou projetos que incluem uma nova lei sobre a primeira inf\u00e2ncia e uma legisla\u00e7\u00e3o sobre escolas t\u00e9cnicas. O presidente afirmou ainda que pretende avan\u00e7ar em propostas que permitam uma maior participa\u00e7\u00e3o do setor privado nas \u00e1reas de sa\u00fade e educa\u00e7\u00e3o, mas com marcos regulat\u00f3rios firmes que fiscalizem o setor.<\/p>\n\n\n\n<p>\u201c\u00c9 importante que tenhamos um novo marco legal da sa\u00fade privada no Brasil. Os estados e munic\u00edpios est\u00e3o falidos e n\u00e3o haver\u00e1 uma solu\u00e7\u00e3o no curto prazo. Se a gente criar uma regulamenta\u00e7\u00e3o ou desregulamenta\u00e7\u00e3o do setor privado, podemos ampliar a base de brasileiros segurados de 40 milh\u00f5es para 60, 70 milh\u00f5es, o que reduz a press\u00e3o sobre o SUS\u201d, disse.<\/p>\n\n\n\n<p><strong>Reelei\u00e7\u00e3o<br><\/strong>Rodrigo Maia afirmou que \u00e9 contr\u00e1rio \u00e0 reelei\u00e7\u00e3o para presid\u00eancia da C\u00e2mara para o pr\u00f3ximo bi\u00eanio. No fim de semana, a imprensa divulgou que um grupo de deputados e senadores estaria articulando uma proposta para permitir a reelei\u00e7\u00e3o dos presidentes das duas Casas (C\u00e2mara e Senado) dentro da mesma&nbsp;legislatura, o que \u00e9 proibido atualmente pela Constitui\u00e7\u00e3o.<\/p>\n\n\n\n<p>\u201cA altern\u00e2ncia de poder \u00e9 fundamental. Sou presidente h\u00e1 tr\u00eas mandatos, acho que meu ciclo se encerra no primeiro dia de fevereiro de 2021. Cumpri meu papel e est\u00e1 na hora de outro parlamentar cumprir esse papel na C\u00e2mara\u201d, afirmou Rodrigo Maia.<\/p>\n","protected":false},"excerpt":{"rendered":"<p>O presidente Rodrigo Maia defendeu hoje que a C\u00e2mara e o Senado assumam papel relevante na defini\u00e7\u00e3o da agenda do Pa\u00eds. Segundo Maia, al\u00e9m da&hellip; <\/p>\n","protected":false},"author":1,"featured_media":95622,"comment_status":"closed","ping_status":"closed","sticky":false,"template":"","format":"standard","meta":{"sfsi_plus_gutenberg_text_before_share":"","sfsi_plus_gutenberg_show_text_before_share":"","sfsi_plus_gutenberg_icon_type":"","sfsi_plus_gutenberg_icon_alignemt":"","sfsi_plus_gutenburg_max_per_row":"","footnotes":""},"categories":[11],"tags":[],"class_list":["post-101852","post","type-post","status-publish","format-standard","has-post-thumbnail","hentry","category-politica"],"_links":{"self":[{"href":"https:\/\/www.caririemacao.com\/1\/wp-json\/wp\/v2\/posts\/101852","targetHints":{"allow":["GET"]}}],"collection":[{"href":"https:\/\/www.caririemacao.com\/1\/wp-json\/wp\/v2\/posts"}],"about":[{"href":"https:\/\/www.caririemacao.com\/1\/wp-json\/wp\/v2\/types\/post"}],"author":[{"embeddable":true,"href":"https:\/\/www.caririemacao.com\/1\/wp-json\/wp\/v2\/users\/1"}],"replies":[{"embeddable":true,"href":"https:\/\/www.caririemacao.com\/1\/wp-json\/wp\/v2\/comments?post=101852"}],"version-history":[{"count":1,"href":"https:\/\/www.caririemacao.com\/1\/wp-json\/wp\/v2\/posts\/101852\/revisions"}],"predecessor-version":[{"id":101853,"href":"https:\/\/www.caririemacao.com\/1\/wp-json\/wp\/v2\/posts\/101852\/revisions\/101853"}],"wp:featuredmedia":[{"embeddable":true,"href":"https:\/\/www.caririemacao.com\/1\/wp-json\/wp\/v2\/media\/95622"}],"wp:attachment":[{"href":"https:\/\/www.caririemacao.com\/1\/wp-json\/wp\/v2\/media?parent=101852"}],"wp:term":[{"taxonomy":"category","embeddable":true,"href":"https:\/\/www.caririemacao.com\/1\/wp-json\/wp\/v2\/categories?post=101852"},{"taxonomy":"post_tag","embeddable":true,"href":"https:\/\/www.caririemacao.com\/1\/wp-json\/wp\/v2\/tags?post=101852"}],"curies":[{"name":"wp","href":"https:\/\/api.w.org\/{rel}","templated":true}]}}