{"id":101857,"date":"2019-06-24T16:05:44","date_gmt":"2019-06-24T19:05:44","guid":{"rendered":"http:\/\/www.caririemacao.com\/1\/?p=101857"},"modified":"2019-06-24T16:05:44","modified_gmt":"2019-06-24T19:05:44","slug":"marcia-felipe-edson-lima-niedson-lua-e-adriano-silva-sobem-ao-palco-do-sao-joao-de-monteiro-nesta-segunda-24","status":"publish","type":"post","link":"https:\/\/www.caririemacao.com\/1\/2019\/06\/24\/marcia-felipe-edson-lima-niedson-lua-e-adriano-silva-sobem-ao-palco-do-sao-joao-de-monteiro-nesta-segunda-24\/","title":{"rendered":"M\u00e1rcia Felipe, Edson Lima, Niedson Lua e Adriano Silva sobem ao palco do S\u00e3o Jo\u00e3o de Monteiro nesta segunda (24)"},"content":{"rendered":"\n<p>A quarta noite do S\u00e3o Jo\u00e3o de Monteiro ser\u00e1 animada com os shows da cantora M\u00e1rcia Felipe, Edson Lima, Niedson Lua e Adriano Silva, a partir das 22h, desta segunda-feira (24) dia de S\u00e3o Jo\u00e3o.<\/p>\n\n\n\n<p>O S\u00e3o Jo\u00e3o de Monteiro foi iniciado na \u00faltima sexta-feira (21) e grandes nomes da m\u00fasica j\u00e1 passaram pelo palco principal do evento.<\/p>\n\n\n\n<p>A festa junina em Monteiro ser\u00e1 finalizada nesta ter\u00e7a-feira (25) com o show de Wesley Safad\u00e3o.<\/p>\n\n\n\n<p><strong>Blog do Bruno Lira<\/strong><\/p>\n","protected":false},"excerpt":{"rendered":"<p>A quarta noite do S\u00e3o Jo\u00e3o de Monteiro ser\u00e1 animada com os shows da cantora M\u00e1rcia Felipe, Edson Lima, Niedson Lua e Adriano Silva, a&hellip; <\/p>\n","protected":false},"author":1,"featured_media":19684,"comment_status":"closed","ping_status":"closed","sticky":false,"template":"","format":"standard","meta":{"sfsi_plus_gutenberg_text_before_share":"","sfsi_plus_gutenberg_show_text_before_share":"","sfsi_plus_gutenberg_icon_type":"","sfsi_plus_gutenberg_icon_alignemt":"","sfsi_plus_gutenburg_max_per_row":"","footnotes":""},"categories":[2],"tags":[],"class_list":["post-101857","post","type-post","status-publish","format-standard","has-post-thumbnail","hentry","category-geral"],"_links":{"self":[{"href":"https:\/\/www.caririemacao.com\/1\/wp-json\/wp\/v2\/posts\/101857","targetHints":{"allow":["GET"]}}],"collection":[{"href":"https:\/\/www.caririemacao.com\/1\/wp-json\/wp\/v2\/posts"}],"about":[{"href":"https:\/\/www.caririemacao.com\/1\/wp-json\/wp\/v2\/types\/post"}],"author":[{"embeddable":true,"href":"https:\/\/www.caririemacao.com\/1\/wp-json\/wp\/v2\/users\/1"}],"replies":[{"embeddable":true,"href":"https:\/\/www.caririemacao.com\/1\/wp-json\/wp\/v2\/comments?post=101857"}],"version-history":[{"count":1,"href":"https:\/\/www.caririemacao.com\/1\/wp-json\/wp\/v2\/posts\/101857\/revisions"}],"predecessor-version":[{"id":101858,"href":"https:\/\/www.caririemacao.com\/1\/wp-json\/wp\/v2\/posts\/101857\/revisions\/101858"}],"wp:featuredmedia":[{"embeddable":true,"href":"https:\/\/www.caririemacao.com\/1\/wp-json\/wp\/v2\/media\/19684"}],"wp:attachment":[{"href":"https:\/\/www.caririemacao.com\/1\/wp-json\/wp\/v2\/media?parent=101857"}],"wp:term":[{"taxonomy":"category","embeddable":true,"href":"https:\/\/www.caririemacao.com\/1\/wp-json\/wp\/v2\/categories?post=101857"},{"taxonomy":"post_tag","embeddable":true,"href":"https:\/\/www.caririemacao.com\/1\/wp-json\/wp\/v2\/tags?post=101857"}],"curies":[{"name":"wp","href":"https:\/\/api.w.org\/{rel}","templated":true}]}}