{"id":101862,"date":"2019-06-24T16:09:51","date_gmt":"2019-06-24T19:09:51","guid":{"rendered":"http:\/\/www.caririemacao.com\/1\/?p=101862"},"modified":"2019-06-24T16:09:51","modified_gmt":"2019-06-24T19:09:51","slug":"pedrinho-pegacao-encerra-hoje-os-festejos-juninos-de-sao-joao-do-tigre","status":"publish","type":"post","link":"https:\/\/www.caririemacao.com\/1\/2019\/06\/24\/pedrinho-pegacao-encerra-hoje-os-festejos-juninos-de-sao-joao-do-tigre\/","title":{"rendered":"Pedrinho Pega\u00e7\u00e3o encerra hoje os festejos juninos de S\u00e3o Jo\u00e3o do Tigre"},"content":{"rendered":"\n<p>A cidade de S\u00e3o Jo\u00e3o do Tigre encerra hoje os seus festejos juninos e comemora sua emancipa\u00e7\u00e3o pol\u00edtica.<br>Ser\u00e3o ao todo 03 dias de muita festa e gente bonita e hoje dia 24&nbsp;encerrando os festejos haver\u00e1 os shows de Pedrinho Pega\u00e7\u00e3o, Nascimento Filho e a dupla Edy e Nathan.<br>Os shows come\u00e7am as 22:00 horas em pra\u00e7a p\u00fablica onde j\u00e1 passaram nomes como Thayse Dias, D\u00eajinha de Monteiro, e Forroz\u00e3o Karkar\u00e1.<br>A cidade espera receber o maior publico das tr\u00eas noites de festa e o prefeito C\u00e9lio Barbosa e toda sua equipe convidam a todos os turistas da regi\u00e3o e principalmente a popula\u00e7\u00e3o local, a se fazerem presentes.<br><strong>Com FESTPB<\/strong><\/p>\n","protected":false},"excerpt":{"rendered":"<p>A cidade de S\u00e3o Jo\u00e3o do Tigre encerra hoje os seus festejos juninos e comemora sua emancipa\u00e7\u00e3o pol\u00edtica.Ser\u00e3o ao todo 03 dias de muita festa&hellip; <\/p>\n","protected":false},"author":1,"featured_media":101863,"comment_status":"closed","ping_status":"closed","sticky":false,"template":"","format":"standard","meta":{"sfsi_plus_gutenberg_text_before_share":"","sfsi_plus_gutenberg_show_text_before_share":"","sfsi_plus_gutenberg_icon_type":"","sfsi_plus_gutenberg_icon_alignemt":"","sfsi_plus_gutenburg_max_per_row":"","footnotes":""},"categories":[2],"tags":[],"class_list":["post-101862","post","type-post","status-publish","format-standard","has-post-thumbnail","hentry","category-geral"],"_links":{"self":[{"href":"https:\/\/www.caririemacao.com\/1\/wp-json\/wp\/v2\/posts\/101862","targetHints":{"allow":["GET"]}}],"collection":[{"href":"https:\/\/www.caririemacao.com\/1\/wp-json\/wp\/v2\/posts"}],"about":[{"href":"https:\/\/www.caririemacao.com\/1\/wp-json\/wp\/v2\/types\/post"}],"author":[{"embeddable":true,"href":"https:\/\/www.caririemacao.com\/1\/wp-json\/wp\/v2\/users\/1"}],"replies":[{"embeddable":true,"href":"https:\/\/www.caririemacao.com\/1\/wp-json\/wp\/v2\/comments?post=101862"}],"version-history":[{"count":1,"href":"https:\/\/www.caririemacao.com\/1\/wp-json\/wp\/v2\/posts\/101862\/revisions"}],"predecessor-version":[{"id":101864,"href":"https:\/\/www.caririemacao.com\/1\/wp-json\/wp\/v2\/posts\/101862\/revisions\/101864"}],"wp:featuredmedia":[{"embeddable":true,"href":"https:\/\/www.caririemacao.com\/1\/wp-json\/wp\/v2\/media\/101863"}],"wp:attachment":[{"href":"https:\/\/www.caririemacao.com\/1\/wp-json\/wp\/v2\/media?parent=101862"}],"wp:term":[{"taxonomy":"category","embeddable":true,"href":"https:\/\/www.caririemacao.com\/1\/wp-json\/wp\/v2\/categories?post=101862"},{"taxonomy":"post_tag","embeddable":true,"href":"https:\/\/www.caririemacao.com\/1\/wp-json\/wp\/v2\/tags?post=101862"}],"curies":[{"name":"wp","href":"https:\/\/api.w.org\/{rel}","templated":true}]}}