{"id":101867,"date":"2019-06-24T16:11:07","date_gmt":"2019-06-24T19:11:07","guid":{"rendered":"http:\/\/www.caririemacao.com\/1\/?p=101867"},"modified":"2019-06-24T16:11:07","modified_gmt":"2019-06-24T19:11:07","slug":"prefeito-celio-barbosa-parabeniza-sao-joao-do-tigre-pelos-57-anos","status":"publish","type":"post","link":"https:\/\/www.caririemacao.com\/1\/2019\/06\/24\/prefeito-celio-barbosa-parabeniza-sao-joao-do-tigre-pelos-57-anos\/","title":{"rendered":"Prefeito C\u00e9lio Barbosa parabeniza S\u00e3o Jo\u00e3o do Tigre pelos 57 anos"},"content":{"rendered":"\n<p>O Prefeito C\u00e9lio Barbosa parabenizou o munic\u00edpio de S\u00e3o Jo\u00e3o do Tigre, pelos seus 57 anos de emancipa\u00e7\u00e3o pol\u00edtica, comemorado nesta segunda-feira, dia 24 de junho.<br>Leia na \u00edntegra a mensagem do prefeito C\u00e9lio Barbosa:<br><em>Hoje, dia 24 de junho a nossa querida e estimada S\u00e3o Jo\u00e3o do Tigre completa 57 anos de emancipa\u00e7\u00e3o pol\u00edtica.&nbsp;<\/em><em><br><\/em><em>Venho atrav\u00e9s desta, trazer a minha mensagem e parabenizar o nosso munic\u00edpio e todos os mun\u00edcipes por mais um ano de hist\u00f3ria.<\/em><em><br><\/em><em>Nossa amada cidade \u00e9 acima de tudo, um lugar de gente que batalha diariamente para garantir um futuro melhor. Sinto orgulho do nosso munic\u00edpio, de suas belezas e hist\u00f3rias incompar\u00e1veis. Que as conquistas sejam sempre em prol de todos, comprovando diariamente que cabe a n\u00f3s fazermos um amanh\u00e3 mais digno.<\/em><em><br><\/em><em>Sinto-me honrado em fazer parte desta linda hist\u00f3ria de poder contribuir com o meu trabalho em prol do desenvolvimento da minha terra. Tenho buscado incansavelmente recursos para investimentos e o resultado disso s\u00e3o as diversas obras j\u00e1 conclu\u00eddas.<\/em><em><br><\/em><em>Como gestor, continuarei fazendo e trazendo o melhor para o nosso povo. Aproveito o momento para agradecer a todos que constr\u00f3i junto conosco uma cidade melhor para se viver.&nbsp;<\/em><em><br><\/em><em>A todos que cumprem o seu dever, sempre fazendo o melhor por nossa terra.<\/em><em><br><\/em><br><em>Parab\u00e9ns S\u00e3o Jo\u00e3o do Tigre pelos seus 57 anos de emancipa\u00e7\u00e3o pol\u00edtica.<\/em><strong>C\u00c9LIO BARBOSA- PREFEITO<\/strong><\/p>\n","protected":false},"excerpt":{"rendered":"<p>O Prefeito C\u00e9lio Barbosa parabenizou o munic\u00edpio de S\u00e3o Jo\u00e3o do Tigre, pelos seus 57 anos de emancipa\u00e7\u00e3o pol\u00edtica, comemorado nesta segunda-feira, dia 24 de&hellip; <\/p>\n","protected":false},"author":1,"featured_media":14434,"comment_status":"closed","ping_status":"closed","sticky":false,"template":"","format":"standard","meta":{"sfsi_plus_gutenberg_text_before_share":"","sfsi_plus_gutenberg_show_text_before_share":"","sfsi_plus_gutenberg_icon_type":"","sfsi_plus_gutenberg_icon_alignemt":"","sfsi_plus_gutenburg_max_per_row":"","footnotes":""},"categories":[2],"tags":[],"class_list":["post-101867","post","type-post","status-publish","format-standard","has-post-thumbnail","hentry","category-geral"],"_links":{"self":[{"href":"https:\/\/www.caririemacao.com\/1\/wp-json\/wp\/v2\/posts\/101867","targetHints":{"allow":["GET"]}}],"collection":[{"href":"https:\/\/www.caririemacao.com\/1\/wp-json\/wp\/v2\/posts"}],"about":[{"href":"https:\/\/www.caririemacao.com\/1\/wp-json\/wp\/v2\/types\/post"}],"author":[{"embeddable":true,"href":"https:\/\/www.caririemacao.com\/1\/wp-json\/wp\/v2\/users\/1"}],"replies":[{"embeddable":true,"href":"https:\/\/www.caririemacao.com\/1\/wp-json\/wp\/v2\/comments?post=101867"}],"version-history":[{"count":1,"href":"https:\/\/www.caririemacao.com\/1\/wp-json\/wp\/v2\/posts\/101867\/revisions"}],"predecessor-version":[{"id":101868,"href":"https:\/\/www.caririemacao.com\/1\/wp-json\/wp\/v2\/posts\/101867\/revisions\/101868"}],"wp:featuredmedia":[{"embeddable":true,"href":"https:\/\/www.caririemacao.com\/1\/wp-json\/wp\/v2\/media\/14434"}],"wp:attachment":[{"href":"https:\/\/www.caririemacao.com\/1\/wp-json\/wp\/v2\/media?parent=101867"}],"wp:term":[{"taxonomy":"category","embeddable":true,"href":"https:\/\/www.caririemacao.com\/1\/wp-json\/wp\/v2\/categories?post=101867"},{"taxonomy":"post_tag","embeddable":true,"href":"https:\/\/www.caririemacao.com\/1\/wp-json\/wp\/v2\/tags?post=101867"}],"curies":[{"name":"wp","href":"https:\/\/api.w.org\/{rel}","templated":true}]}}