{"id":101873,"date":"2019-06-25T03:11:09","date_gmt":"2019-06-25T06:11:09","guid":{"rendered":"http:\/\/www.caririemacao.com\/1\/?p=101873"},"modified":"2019-06-25T03:11:09","modified_gmt":"2019-06-25T06:11:09","slug":"homem-e-alvejado-no-cariri","status":"publish","type":"post","link":"https:\/\/www.caririemacao.com\/1\/2019\/06\/25\/homem-e-alvejado-no-cariri\/","title":{"rendered":"Homem \u00e9 alvejado no Cariri"},"content":{"rendered":"\n<p>Um homem identificado por Isa\u00edas, natural de Cabaceiras, foi alvejado por dois disparos de arma de fogo, em sua resid\u00eancia, pr\u00f3ximo da Delegacia da Pol\u00edcia Civil, na noite desta segunda-feira (24). A v\u00edtima foi socorrida pelo Servi\u00e7o de Atendimento M\u00f3vel de Urg\u00eancia de Cabaceiras, e antes de chegar na&nbsp; cidade de Caturit\u00e9 foi transferido para outra viatura do Samu com suporte avan\u00e7ado e com m\u00e9dico.<\/p>\n\n\n\n<p>De acordo informa\u00e7\u00f5es apuradas pelo Blog do Bruno Lira, Isa\u00edas est\u00e1 consciente e foi&nbsp; levado para o Hospital de Emerg\u00eancia e Trauma de Campina Grande.<\/p>\n\n\n\n<div class=\"wp-block-image\"><figure class=\"alignleft\"><img decoding=\"async\" data-src=\"http:\/\/www.blogdobrunolira.com.br\/wp-content\/uploads\/2019\/06\/124x181xWhatsApp-Image-2019-06-24-at-23.07.18-203x300.jpeg.pagespeed.ic.rIEs6nydS6.webp\" alt=\"\" class=\"wp-image-12913 lazyload\" src=\"data:image\/svg+xml;base64,PHN2ZyB3aWR0aD0iMSIgaGVpZ2h0PSIxIiB4bWxucz0iaHR0cDovL3d3dy53My5vcmcvMjAwMC9zdmciPjwvc3ZnPg==\" style=\"--smush-placeholder-width: 203px; --smush-placeholder-aspect-ratio: 203\/300;\" \/><\/figure><\/div>\n\n\n\n<p>At\u00e9 o fechamento da mat\u00e9ria, n\u00e3o se sabe a autoria do crime. Maiores informa\u00e7\u00f5es em instantes.<\/p>\n\n\n\n<p><strong>Blog do Bruno Lira<\/strong><\/p>\n","protected":false},"excerpt":{"rendered":"<p>Um homem identificado por Isa\u00edas, natural de Cabaceiras, foi alvejado por dois disparos de arma de fogo, em sua resid\u00eancia, pr\u00f3ximo da Delegacia da Pol\u00edcia&hellip; <\/p>\n","protected":false},"author":2,"featured_media":101675,"comment_status":"closed","ping_status":"closed","sticky":false,"template":"","format":"standard","meta":{"sfsi_plus_gutenberg_text_before_share":"","sfsi_plus_gutenberg_show_text_before_share":"","sfsi_plus_gutenberg_icon_type":"","sfsi_plus_gutenberg_icon_alignemt":"","sfsi_plus_gutenburg_max_per_row":"","footnotes":""},"categories":[50,12],"tags":[],"class_list":["post-101873","post","type-post","status-publish","format-standard","has-post-thumbnail","hentry","category-destaque","category-policia"],"_links":{"self":[{"href":"https:\/\/www.caririemacao.com\/1\/wp-json\/wp\/v2\/posts\/101873","targetHints":{"allow":["GET"]}}],"collection":[{"href":"https:\/\/www.caririemacao.com\/1\/wp-json\/wp\/v2\/posts"}],"about":[{"href":"https:\/\/www.caririemacao.com\/1\/wp-json\/wp\/v2\/types\/post"}],"author":[{"embeddable":true,"href":"https:\/\/www.caririemacao.com\/1\/wp-json\/wp\/v2\/users\/2"}],"replies":[{"embeddable":true,"href":"https:\/\/www.caririemacao.com\/1\/wp-json\/wp\/v2\/comments?post=101873"}],"version-history":[{"count":1,"href":"https:\/\/www.caririemacao.com\/1\/wp-json\/wp\/v2\/posts\/101873\/revisions"}],"predecessor-version":[{"id":101874,"href":"https:\/\/www.caririemacao.com\/1\/wp-json\/wp\/v2\/posts\/101873\/revisions\/101874"}],"wp:featuredmedia":[{"embeddable":true,"href":"https:\/\/www.caririemacao.com\/1\/wp-json\/wp\/v2\/media\/101675"}],"wp:attachment":[{"href":"https:\/\/www.caririemacao.com\/1\/wp-json\/wp\/v2\/media?parent=101873"}],"wp:term":[{"taxonomy":"category","embeddable":true,"href":"https:\/\/www.caririemacao.com\/1\/wp-json\/wp\/v2\/categories?post=101873"},{"taxonomy":"post_tag","embeddable":true,"href":"https:\/\/www.caririemacao.com\/1\/wp-json\/wp\/v2\/tags?post=101873"}],"curies":[{"name":"wp","href":"https:\/\/api.w.org\/{rel}","templated":true}]}}