{"id":101878,"date":"2019-06-25T07:15:15","date_gmt":"2019-06-25T10:15:15","guid":{"rendered":"http:\/\/www.caririemacao.com\/1\/?p=101878"},"modified":"2019-06-25T07:15:15","modified_gmt":"2019-06-25T10:15:15","slug":"projeto-obriga-exames-psicologicos-de-monitores-de-creches-escolas-maternais-e-bercarios-publicos-e-privados","status":"publish","type":"post","link":"https:\/\/www.caririemacao.com\/1\/2019\/06\/25\/projeto-obriga-exames-psicologicos-de-monitores-de-creches-escolas-maternais-e-bercarios-publicos-e-privados\/","title":{"rendered":"Projeto obriga exames psicol\u00f3gicos de monitores de creches, escolas maternais e ber\u00e7\u00e1rios p\u00fablicos e privados"},"content":{"rendered":"\n<p>Um projeto de lei aprovado pela Assembleia Legislativa da Para\u00edba (ALPB) obriga creches, ber\u00e7\u00e1rios, escolas maternais e similares da rede p\u00fablica e privada a submeterem monitores, professores e demais funcion\u00e1rios que tenham contato direto com alunos a exames psicol\u00f3gicos peri\u00f3dicos. A propositura \u00e9 do presidente da Assembleia, deputado Adriano Galdino.<\/p>\n\n\n\n<p>O projeto foi aprovado no \u00faltimo dia 18 de junho e o governador Jo\u00e3o Azev\u00eado tem prazo at\u00e9 o dia 15 de julho para sancionar ou vetar.<\/p>\n\n\n\n<p>De acordo com o deputado Adriano Galdino, o objetivo de criar uma lei com essa obrigatoriedade \u00e9 proteger as crian\u00e7as de agress\u00f5es por parte de professores e monitores. \u201cA avalia\u00e7\u00e3o psicol\u00f3gica desses profissionais ser\u00e1 capaz de identificar interfer\u00eancias emocionais e estruturais que podem trazer preju\u00edzos ao desempenho do trabalho\u201d, justifica o parlamentar.<\/p>\n\n\n\n<p>Caso sancionada sem vetos pelo governador, a Lei entra em vigor em toda a Para\u00edba.<\/p>\n\n\n\n<p><a href=\"https:\/\/www.clickpb.com.br\/media\/filer_public\/fd\/6a\/fd6aae42-70d9-4d68-a83f-59db09b478b4\/60263_texto_integral.pdf\">Veja a \u00edntegra do projeto de lei de autoria do deputado Adriano Galdino<\/a><\/p>\n\n\n\n<p><em>Com Click PB<\/em><\/p>\n","protected":false},"excerpt":{"rendered":"<p>Um projeto de lei aprovado pela Assembleia Legislativa da Para\u00edba (ALPB) obriga creches, ber\u00e7\u00e1rios, escolas maternais e similares da rede p\u00fablica e privada a submeterem&hellip; <\/p>\n","protected":false},"author":1,"featured_media":101880,"comment_status":"closed","ping_status":"closed","sticky":false,"template":"","format":"standard","meta":{"sfsi_plus_gutenberg_text_before_share":"","sfsi_plus_gutenberg_show_text_before_share":"","sfsi_plus_gutenberg_icon_type":"","sfsi_plus_gutenberg_icon_alignemt":"","sfsi_plus_gutenburg_max_per_row":"","footnotes":""},"categories":[14],"tags":[],"class_list":["post-101878","post","type-post","status-publish","format-standard","has-post-thumbnail","hentry","category-educacao"],"_links":{"self":[{"href":"https:\/\/www.caririemacao.com\/1\/wp-json\/wp\/v2\/posts\/101878","targetHints":{"allow":["GET"]}}],"collection":[{"href":"https:\/\/www.caririemacao.com\/1\/wp-json\/wp\/v2\/posts"}],"about":[{"href":"https:\/\/www.caririemacao.com\/1\/wp-json\/wp\/v2\/types\/post"}],"author":[{"embeddable":true,"href":"https:\/\/www.caririemacao.com\/1\/wp-json\/wp\/v2\/users\/1"}],"replies":[{"embeddable":true,"href":"https:\/\/www.caririemacao.com\/1\/wp-json\/wp\/v2\/comments?post=101878"}],"version-history":[{"count":1,"href":"https:\/\/www.caririemacao.com\/1\/wp-json\/wp\/v2\/posts\/101878\/revisions"}],"predecessor-version":[{"id":101881,"href":"https:\/\/www.caririemacao.com\/1\/wp-json\/wp\/v2\/posts\/101878\/revisions\/101881"}],"wp:featuredmedia":[{"embeddable":true,"href":"https:\/\/www.caririemacao.com\/1\/wp-json\/wp\/v2\/media\/101880"}],"wp:attachment":[{"href":"https:\/\/www.caririemacao.com\/1\/wp-json\/wp\/v2\/media?parent=101878"}],"wp:term":[{"taxonomy":"category","embeddable":true,"href":"https:\/\/www.caririemacao.com\/1\/wp-json\/wp\/v2\/categories?post=101878"},{"taxonomy":"post_tag","embeddable":true,"href":"https:\/\/www.caririemacao.com\/1\/wp-json\/wp\/v2\/tags?post=101878"}],"curies":[{"name":"wp","href":"https:\/\/api.w.org\/{rel}","templated":true}]}}