{"id":101897,"date":"2019-06-25T07:24:18","date_gmt":"2019-06-25T10:24:18","guid":{"rendered":"http:\/\/www.caririemacao.com\/1\/?p=101897"},"modified":"2019-06-25T07:24:18","modified_gmt":"2019-06-25T10:24:18","slug":"em-carta-lula-pergunta-a-ministros-do-stf-por-que-tanto-medo-da-verdade","status":"publish","type":"post","link":"https:\/\/www.caririemacao.com\/1\/2019\/06\/25\/em-carta-lula-pergunta-a-ministros-do-stf-por-que-tanto-medo-da-verdade\/","title":{"rendered":"Em carta, Lula pergunta a ministros do STF: \u201cPor que tanto medo da verdade?"},"content":{"rendered":"\n<p>Em carta entregue a Celso Amorim, Lula criticou a demora na an\u00e1lise do habeas corpus por parte do STF. Julgamento pode ser adiado mais uma vez ap\u00f3s manobra de C\u00e1rmen L\u00facia.<\/p>\n\n\n\n<p>Com a not\u00edcia do poss\u00edvel adiamento do julgamento de seu pedido de habeas corpus por suspei\u00e7\u00e3o do ex-juiz federal S\u00e9rgio Moro, o ex-presidente Lula se manifestou em carta enviada ao ex-ministro de Rela\u00e7\u00f5es Exteriores, Celso Amorim, em que cobra que uma decis\u00e3o judical saia logo, destacando ter consci\u00eancia das press\u00f5es que o STF tem sofrido nacional e internacionalmente.<\/p>\n\n\n\n<p>\u201cMeus advogados recorreram ao Supremo Tribunal Federal, para que eu tenha finalmente um processo e um julgamento justos, o que nunca tive nas m\u00e3os de Sergio Moro. Muita gente poderosa, no Brasil e at\u00e9 de outros pa\u00edses, quer impedir essa decis\u00e3o, ou continuar adiando, o que d\u00e1 no mesmo para quem est\u00e1 preso injustamente\u201d, disse o ex-presidente em carta ao ex-ministro de Rela\u00e7\u00f5es Exteriores Celso Amorim lamentando um novo adiamento.<\/p>\n\n\n\n<p>Lula ainda questionou a demora nesse julgamento e pediu que ele seja feito com base em provas, n\u00e3o em \u201cconvic\u00e7\u00f5es\u201d. \u201cQuero ser julgado dentro do processo legal, com base em provas, e n\u00e3o em convic\u00e7\u00f5es. Quero ser julgado pelas leis do meu pa\u00eds, e n\u00e3o pelas manchetes dos jornais. A pergunta que fa\u00e7o todos os dias aqui onde estou \u00e9 uma s\u00f3: por que tanto medo da verdade? A resposta n\u00e3o interessa apenas a mim, mas a todos que esperam por Justi\u00e7a\u201d, afirmou.<\/p>\n\n\n\n<p>A Vaza Jato deu um novo f\u00f4lego para o pedido de habeas corpus feito pela defesa, apesar dele n\u00e3o ser base do HC, que foi apresentado em dezembro de 2018. A vota\u00e7\u00e3o est\u00e1 2 a 0 contra&nbsp;Lula, mas ainda faltam Gilmar Mendes, Marco Aur\u00e9lio Mello e Celso de Mello.<\/p>\n\n\n\n<p><strong>Confira a carta na \u00edntegra<\/strong><\/p>\n\n\n\n<p><em>\u201cQuerido amigo,<\/em><\/p>\n\n\n\n<p><em>A cada dia fico mais preocupado com o que est\u00e1 acontecendo em nosso Brasil. As not\u00edcias que recebo s\u00e3o de desemprego, crise nas escolas e hospitais, a redu\u00e7\u00e3o e at\u00e9 mesmo o fim dos programas que ajudam o povo, a volta da fome. Sei que est\u00e3o entregando as riquezas do pa\u00eds aos estrangeiros, destruindo ou privatizando o que nossa gente construiu com tanto sacrif\u00edcio. Traindo a soberania nacional.<\/em><\/p>\n\n\n\n<p><em>\u00c9 dif\u00edcil manter a esperan\u00e7a numa situa\u00e7\u00e3o como essa, mas o brasileiro n\u00e3o desiste nunca, n\u00e3o \u00e9 verdade? N\u00e3o perco a f\u00e9 no nosso povo, o que me ajuda a n\u00e3o fraquejar na pris\u00e3o injusta em que estou faz mais de um ano. Voc\u00ea deve se lembrar que no dia 7 de abril de 2018, ao me despedir dos companheiros em S\u00e3o Bernardo, falei que estava cumprindo a decis\u00e3o do juiz, mas certo de que minha inoc\u00eancia ainda seria reconhecida. E que seria anulada a farsa montada para me prender sem ter cometido crime. Continuo acreditando.<\/em><\/p>\n\n\n\n<p><em>Todos os dias acordo pensando que estou mais perto da liberta\u00e7\u00e3o, porque o meu caso n\u00e3o tem mist\u00e9rio. \u00c9 s\u00f3 ler as provas que os advogados reuniram: que o tal tr\u00edplex nunca foi meu, nem de fato nem de direito, e que nem na constru\u00e7\u00e3o nem a reforma entrou dinheiro de contratos com a Petrobr\u00e1s. S\u00e3o fatos que o pr\u00f3prio Sergio Moro reconheceu quando teve de responder o recurso da defesa.<\/em><\/p>\n\n\n\n<p><em>\u00c9 s\u00f3 analisar o processo com imparcialidade para ver que o Moro estava decidido a me condenar antes mesmo de receber a den\u00fancia dos procuradores. Ele mandou invadir minha casa e me levar \u00e0 for\u00e7a pra depor sem nunca ter me intimado. Mandou grampear meus telefonemas, da minha mulher, meus filhos e at\u00e9 dos meus advogados, o que \u00e9 grav\u00edssimo numa democracia. Dirigia os interrogat\u00f3rios, como se fosse o meu acusador, e n\u00e3o deixava a defesa fazer perguntas. Era um juiz que tinha lado, o lado da acusa\u00e7\u00e3o.<\/em><\/p>\n\n\n\n<p><em>A den\u00fancia contra mim era t\u00e3o falsa e inconsistente que, para me condenar, o Moro mudou as acusa\u00e7\u00f5es feitas pelos promotores. Me acusaram de ter recebido um im\u00f3vel em troca de favor mas, como viram que n\u00e3o era meu, ele me condenou dizendo que foi \u201catribu\u00eddo\u201d a mim. Me acusaram de ter feito atos para beneficiar uma empresa. Mas nunca houve ato nenhum e a\u00ed ele me condenou por \u201catos indeterminados\u201d. Isso n\u00e3o existe na lei nem no direito, s\u00f3 na cabe\u00e7a de quem queria condenar de qualquer jeito.<\/em><\/p>\n\n\n\n<p><em>A parcialidade dele se confirmou at\u00e9 pelo que fez depois de me condenar e prender. Em julho do ano passado, quando um desembargador do TRF-4 mandou me soltar, o Moro interrompeu as f\u00e9rias para acionar outro desembargador, amigo dele, que anulou a decis\u00e3o. Em setembro, ele fez de tudo para proibir que eu desse uma entrevista. Pensei que fosse pura mesquinharia, mas entendi a raz\u00e3o quando ele divulgou, na v\u00e9spera da elei\u00e7\u00e3o, um depoimento do Palocci que de t\u00e3o falso nem serviu para o processo. O que o Moro queria era prejudicar nosso candidato e ajudar o dele.<\/em><\/p>\n\n\n\n<p><em>Se algu\u00e9m ainda tinha d\u00favida sobre de que lado o juiz sempre esteve e qual era o motivo de me perseguir, a d\u00favida acabou quando ele aceitou ser ministro da Justi\u00e7a do Bolsonaro. E toda a verdade ficou clara: fui acusado, julgado e condenado sem provas para n\u00e3o disputar as elei\u00e7\u00f5es. Essa era \u00fanica forma do candidato dele vencer.<\/em><\/p>\n\n\n\n<p><em>A Constitui\u00e7\u00e3o e a lei determinam que um processo \u00e9 nulo se o juiz n\u00e3o for imparcial e independente. Se o juiz tem interesse pessoal ou pol\u00edtico num caso, se tem amizade ou inimizade com a pessoa a ser julgada, ele tem de se declarar suspeito e impedido. \u00c9 o que fazem os magistrados honestos, de car\u00e1ter. Mas o Moro, n\u00e3o. Ele sempre recusou se declarar impedido no meu caso, apesar de todas as evid\u00eancias de que era meu inimigo pol\u00edtico.<\/em><\/p>\n\n\n\n<p><em>Meus advogados recorreram ao Supremo Tribunal Federal, para que eu tenha finalmente um processo e um julgamento justos, o que nunca tive nas m\u00e3os de Sergio Moro. Muita gente poderosa, no Brasil e at\u00e9 de outros pa\u00edses, quer impedir essa decis\u00e3o, ou continuar adiando, o que d\u00e1 no mesmo para quem est\u00e1 preso injustamente.<\/em><\/p>\n\n\n\n<p><em>Alguns dizem que ao anular meu processo estar\u00e3o anulando todas as decis\u00f5es da Lava Jato, o que \u00e9 uma grande mentira pois na Justi\u00e7a cada caso \u00e9 um caso. Tamb\u00e9m tentam confundir, dizendo que meu caso s\u00f3 poderia ser julgado depois de uma investiga\u00e7\u00e3o sobre as mensagens entre Moro e os procuradores que est\u00e3o sendo reveladas nos \u00faltimos dias. Acontece que n\u00f3s entramos com a a\u00e7\u00e3o em novembro do ano passado, muito antes dos jornalistas do Intercept divulgarem essas not\u00edcias. J\u00e1 apresentamos provas suficientes de que o juiz \u00e9 suspeito e n\u00e3o foi imparcial.<\/em><\/p>\n\n\n\n<p><em>Tudo que espero, caro amigo, \u00e9 que a justi\u00e7a finalmente seja feita. Tudo o que quero \u00e9 ter direito a um julgamento justo, por um juiz imparcial, para poder demonstrar com fatos que sou inocente de tudo o que me acusaram. Quero ser julgado dentro do processo legal, com base em provas, e n\u00e3o em convic\u00e7\u00f5es. Quero ser julgado pelas leis do meu pa\u00eds, e n\u00e3o pelas manchetes dos jornais.<\/em><\/p>\n\n\n\n<p><em>A pergunta que fa\u00e7o todos os dias aqui onde estou \u00e9 uma s\u00f3: por que tanto medo da verdade? A resposta n\u00e3o interessa apenas a mim, mas a todos que esperam por Justi\u00e7a.<\/em><\/p>\n\n\n\n<p><em>Quero me despedir dizendo at\u00e9 breve, meu amigo. At\u00e9 o dia da verdade libertadora. Um grande abra\u00e7o do Lula.<\/em><\/p>\n\n\n\n<p><em>Curitiba, 24 de junho de 2019\u2033<\/em><\/p>\n","protected":false},"excerpt":{"rendered":"<p>Em carta entregue a Celso Amorim, Lula criticou a demora na an\u00e1lise do habeas corpus por parte do STF. Julgamento pode ser adiado mais uma&hellip; <\/p>\n","protected":false},"author":1,"featured_media":100247,"comment_status":"closed","ping_status":"closed","sticky":false,"template":"","format":"standard","meta":{"sfsi_plus_gutenberg_text_before_share":"","sfsi_plus_gutenberg_show_text_before_share":"","sfsi_plus_gutenberg_icon_type":"","sfsi_plus_gutenberg_icon_alignemt":"","sfsi_plus_gutenburg_max_per_row":"","footnotes":""},"categories":[11],"tags":[],"class_list":["post-101897","post","type-post","status-publish","format-standard","has-post-thumbnail","hentry","category-politica"],"_links":{"self":[{"href":"https:\/\/www.caririemacao.com\/1\/wp-json\/wp\/v2\/posts\/101897","targetHints":{"allow":["GET"]}}],"collection":[{"href":"https:\/\/www.caririemacao.com\/1\/wp-json\/wp\/v2\/posts"}],"about":[{"href":"https:\/\/www.caririemacao.com\/1\/wp-json\/wp\/v2\/types\/post"}],"author":[{"embeddable":true,"href":"https:\/\/www.caririemacao.com\/1\/wp-json\/wp\/v2\/users\/1"}],"replies":[{"embeddable":true,"href":"https:\/\/www.caririemacao.com\/1\/wp-json\/wp\/v2\/comments?post=101897"}],"version-history":[{"count":1,"href":"https:\/\/www.caririemacao.com\/1\/wp-json\/wp\/v2\/posts\/101897\/revisions"}],"predecessor-version":[{"id":101898,"href":"https:\/\/www.caririemacao.com\/1\/wp-json\/wp\/v2\/posts\/101897\/revisions\/101898"}],"wp:featuredmedia":[{"embeddable":true,"href":"https:\/\/www.caririemacao.com\/1\/wp-json\/wp\/v2\/media\/100247"}],"wp:attachment":[{"href":"https:\/\/www.caririemacao.com\/1\/wp-json\/wp\/v2\/media?parent=101897"}],"wp:term":[{"taxonomy":"category","embeddable":true,"href":"https:\/\/www.caririemacao.com\/1\/wp-json\/wp\/v2\/categories?post=101897"},{"taxonomy":"post_tag","embeddable":true,"href":"https:\/\/www.caririemacao.com\/1\/wp-json\/wp\/v2\/tags?post=101897"}],"curies":[{"name":"wp","href":"https:\/\/api.w.org\/{rel}","templated":true}]}}