{"id":101908,"date":"2019-06-25T07:49:49","date_gmt":"2019-06-25T10:49:49","guid":{"rendered":"http:\/\/www.caririemacao.com\/1\/?p=101908"},"modified":"2019-06-25T07:49:49","modified_gmt":"2019-06-25T10:49:49","slug":"cai-numero-de-homicidios-durante-sao-joao-da-paraiba-em-2019","status":"publish","type":"post","link":"https:\/\/www.caririemacao.com\/1\/2019\/06\/25\/cai-numero-de-homicidios-durante-sao-joao-da-paraiba-em-2019\/","title":{"rendered":"Cai n\u00famero de homic\u00eddios durante S\u00e3o Jo\u00e3o da Para\u00edba em 2019"},"content":{"rendered":"\n<p>O S\u00e3o Jo\u00e3o 2019 j\u00e1 pode ser considerado um dos mais tranquilos dos \u00faltimos anos na Para\u00edba. Balan\u00e7o parcial da Secretaria de Estado da Seguran\u00e7a e Defesa Social mostra uma redu\u00e7\u00e3o de aproximadamente 70% no n\u00famero de homic\u00eddios em rela\u00e7\u00e3o ao mesmo per\u00edodo do ano passado. Enquanto em 2018 ocorreram 26 homic\u00eddios, este ano foram registradas oito ocorr\u00eancias desse tipo de crime, uma redu\u00e7\u00e3o de 69,2%.<\/p>\n\n\n\n<p>Ao tomar conhecimento dos n\u00fameros, o governador Jo\u00e3o Azev\u00eado agradeceu de modo especial \u00e0s for\u00e7as de seguran\u00e7a do Estado, cujas a\u00e7\u00f5es realizadas de forma integrada t\u00eam alcan\u00e7ado resultados positivos, com a redu\u00e7\u00e3o consecutiva dos n\u00fameros dos Crimes Violentos Letais Intencionais (CVLI) nos \u00faltimos anos. \u201cObrigado ao povo da Para\u00edba, em especial \u00e0s pol\u00edcias e for\u00e7as de seguran\u00e7a do nosso Estado, pelo S\u00e3o Jo\u00e3o tranquilo que tivemos. Muita festa, muita alegria e 69,2% de redu\u00e7\u00e3o nos n\u00fameros da viol\u00eancia. Segue o trabalho\u201d, ressaltou.<\/p>\n\n\n\n<p>O secret\u00e1rio da Seguran\u00e7a e Defesa Social, Jean Nunes, acredita que esse resultado \u00e9 fruto de um planejamento integrado antecipado da Pol\u00edcia Militar, Pol\u00edcia Civil e Corpo de Bombeiros, articulado com os parceiros como Detran e outros envolvidos. \u201cAl\u00e9m do planejamento para as festividades de S\u00e3o Jo\u00e3o, a Sesds manteve um planejamento de aten\u00e7\u00e3o em todo o Estado, com v\u00e1rias opera\u00e7\u00f5es policiais do litoral ao sert\u00e3o. Com a\u00e7\u00f5es orientadas pelo N\u00facleo de An\u00e1lise Criminal e Estat\u00edstica conseguimos direcionar as a\u00e7\u00f5es com mais precis\u00e3o\u201d, observou.<\/p>\n\n\n\n<p>A redu\u00e7\u00e3o do n\u00famero de assassinatos neste per\u00edodo de S\u00e3o Jo\u00e3o segue a tend\u00eancia do que vem ocorrendo desde o in\u00edcio do ano. Conforme dados do N\u00facleo de An\u00e1lise Criminal e Estat\u00edstica (Nace) da Sesds, em rela\u00e7\u00e3o aos Crimes Violentos Letais Intencionais (CVLI), que s\u00e3o os homic\u00eddios dolosos ou qualquer outro crime doloso que resulte em morte, de janeiro a maio deste ano foram contabilizados 397 homic\u00eddios contra 502 ocorridos no mesmo per\u00edodo de 2018. Ao todo, s\u00e3o 105 casos a menos, colocando a Para\u00edba como \u00fanico estado do pa\u00eds a alcan\u00e7ar sete anos de redu\u00e7\u00e3o consecutiva na ocorr\u00eancia de assassinatos, com continuidade durante todos os meses de 2019.<\/p>\n\n\n\n<p><strong>MaisPB<\/strong><\/p>\n","protected":false},"excerpt":{"rendered":"<p>O S\u00e3o Jo\u00e3o 2019 j\u00e1 pode ser considerado um dos mais tranquilos dos \u00faltimos anos na Para\u00edba. Balan\u00e7o parcial da Secretaria de Estado da Seguran\u00e7a&hellip; <\/p>\n","protected":false},"author":1,"featured_media":101909,"comment_status":"closed","ping_status":"closed","sticky":false,"template":"","format":"standard","meta":{"sfsi_plus_gutenberg_text_before_share":"","sfsi_plus_gutenberg_show_text_before_share":"","sfsi_plus_gutenberg_icon_type":"","sfsi_plus_gutenberg_icon_alignemt":"","sfsi_plus_gutenburg_max_per_row":"","footnotes":""},"categories":[50,12],"tags":[],"class_list":["post-101908","post","type-post","status-publish","format-standard","has-post-thumbnail","hentry","category-destaque","category-policia"],"_links":{"self":[{"href":"https:\/\/www.caririemacao.com\/1\/wp-json\/wp\/v2\/posts\/101908","targetHints":{"allow":["GET"]}}],"collection":[{"href":"https:\/\/www.caririemacao.com\/1\/wp-json\/wp\/v2\/posts"}],"about":[{"href":"https:\/\/www.caririemacao.com\/1\/wp-json\/wp\/v2\/types\/post"}],"author":[{"embeddable":true,"href":"https:\/\/www.caririemacao.com\/1\/wp-json\/wp\/v2\/users\/1"}],"replies":[{"embeddable":true,"href":"https:\/\/www.caririemacao.com\/1\/wp-json\/wp\/v2\/comments?post=101908"}],"version-history":[{"count":1,"href":"https:\/\/www.caririemacao.com\/1\/wp-json\/wp\/v2\/posts\/101908\/revisions"}],"predecessor-version":[{"id":101910,"href":"https:\/\/www.caririemacao.com\/1\/wp-json\/wp\/v2\/posts\/101908\/revisions\/101910"}],"wp:featuredmedia":[{"embeddable":true,"href":"https:\/\/www.caririemacao.com\/1\/wp-json\/wp\/v2\/media\/101909"}],"wp:attachment":[{"href":"https:\/\/www.caririemacao.com\/1\/wp-json\/wp\/v2\/media?parent=101908"}],"wp:term":[{"taxonomy":"category","embeddable":true,"href":"https:\/\/www.caririemacao.com\/1\/wp-json\/wp\/v2\/categories?post=101908"},{"taxonomy":"post_tag","embeddable":true,"href":"https:\/\/www.caririemacao.com\/1\/wp-json\/wp\/v2\/tags?post=101908"}],"curies":[{"name":"wp","href":"https:\/\/api.w.org\/{rel}","templated":true}]}}