{"id":101913,"date":"2019-06-25T07:53:38","date_gmt":"2019-06-25T10:53:38","guid":{"rendered":"http:\/\/www.caririemacao.com\/1\/?p=101913"},"modified":"2019-06-25T07:53:38","modified_gmt":"2019-06-25T10:53:38","slug":"mais-de-535-milhoes-de-pessoas-ja-se-vacinaram-contra-a-gripe","status":"publish","type":"post","link":"https:\/\/www.caririemacao.com\/1\/2019\/06\/25\/mais-de-535-milhoes-de-pessoas-ja-se-vacinaram-contra-a-gripe\/","title":{"rendered":"Mais de 53,5 milh\u00f5es de pessoas j\u00e1 se vacinaram contra a gripe"},"content":{"rendered":"\n<p>Mais de 53,5 milh\u00f5es de pessoas dos grupos priorit\u00e1rios, entre eles, professores, gestantes, profissionais das for\u00e7as de seguran\u00e7a de salvamento, crian\u00e7as e idosos, procuraram os postos de sa\u00fade, onde se vacinaram contra a gripe, at\u00e9 essa segunda-feira (24). Tamb\u00e9m foram vacinadas 5,6 milh\u00f5es de pessoas que n\u00e3o integram os grupos priorit\u00e1rios.<\/p>\n\n\n\n<p>De acordo com o Minist\u00e9rio da Sa\u00fade, os dados mostram ainda que 18 estados e o Distrito Federal conseguiram vacinar 90% do p\u00fablico-alvo. No total, foram distribu\u00eddas 59,5 milh\u00f5es de doses para todo o pa\u00eds. Os grupos priorit\u00e1rios tiveram entre os dias 10 de abril e 31 de maio para se vacinar com exclusividade.<\/p>\n\n\n\n<figure class=\"wp-block-image\"><img decoding=\"async\" data-src=\"http:\/\/imagens.ebc.com.br\/XLfjvrTBI0XEw4vy-nQ7mDnxqTU=\/754x0\/smart\/http:\/\/agenciabrasil.ebc.com.br\/sites\/default\/files\/thumbnails\/image\/tmazs_abr_04051915073.jpg?itok=MZqxTI6F\" alt=\" Dia D de vacina\u00e7\u00e3o contra a gripe no Leme, na zona sul do Rio de Janeiro.\" src=\"data:image\/svg+xml;base64,PHN2ZyB3aWR0aD0iMSIgaGVpZ2h0PSIxIiB4bWxucz0iaHR0cDovL3d3dy53My5vcmcvMjAwMC9zdmciPjwvc3ZnPg==\" class=\"lazyload\" \/><\/figure>\n\n\n\n<p>Campnanha de vacina\u00e7\u00e3o contra a gripe &#8211;&nbsp;<strong>Tomaz Silva\/Ag\u00eancia Brasil<\/strong><\/p>\n\n\n\n<p>\u201cApesar de atingir a meta nacional, nem todos os grupos conseguiram alcan\u00e7ar os 90% de cobertura: crian\u00e7as (82,8%), gestantes (81,8%), pessoas com comorbidades (86,3%), profissionais das for\u00e7as de seguran\u00e7a e salvamento (48,5%) e popula\u00e7\u00e3o privada de liberdade (74,8%) ficaram com a vacina\u00e7\u00e3o abaixo do ideal. Isso significa que mais de 2,6 milh\u00f5es de crian\u00e7as e 3,8 milh\u00f5es de gestantes deixaram de se vacinar\u201d, informou o minist\u00e9rio.<\/p>\n\n\n\n<p>Atingiram a meta de vacina\u00e7\u00e3o os trabalhadores de sa\u00fade (90%), pu\u00e9rperas (103,4%), ind\u00edgenas (95,2%), idosos (98,2%), professores (104,4%) e funcion\u00e1rios do sistema prisional (124,2%).<\/p>\n\n\n\n<p>Quanto \u00e0 cobertura vacinal nos estados, oito n\u00e3o alcan\u00e7aram a meta de 90%: Acre (86,7%), Bahia (86%), Rio de Janeiro (86,9%), S\u00e3o Paulo (84,7%), Paran\u00e1 (86,9%), Santa Catarina (86,8%), Rio Grande do Sul (86,5%) e Mato Grosso do Sul (89,8%).<\/p>\n","protected":false},"excerpt":{"rendered":"<p>Mais de 53,5 milh\u00f5es de pessoas dos grupos priorit\u00e1rios, entre eles, professores, gestantes, profissionais das for\u00e7as de seguran\u00e7a de salvamento, crian\u00e7as e idosos, procuraram os&hellip; <\/p>\n","protected":false},"author":1,"featured_media":50359,"comment_status":"closed","ping_status":"closed","sticky":false,"template":"","format":"standard","meta":{"sfsi_plus_gutenberg_text_before_share":"","sfsi_plus_gutenberg_show_text_before_share":"","sfsi_plus_gutenberg_icon_type":"","sfsi_plus_gutenberg_icon_alignemt":"","sfsi_plus_gutenburg_max_per_row":"","footnotes":""},"categories":[50,16],"tags":[],"class_list":["post-101913","post","type-post","status-publish","format-standard","has-post-thumbnail","hentry","category-destaque","category-saude"],"_links":{"self":[{"href":"https:\/\/www.caririemacao.com\/1\/wp-json\/wp\/v2\/posts\/101913","targetHints":{"allow":["GET"]}}],"collection":[{"href":"https:\/\/www.caririemacao.com\/1\/wp-json\/wp\/v2\/posts"}],"about":[{"href":"https:\/\/www.caririemacao.com\/1\/wp-json\/wp\/v2\/types\/post"}],"author":[{"embeddable":true,"href":"https:\/\/www.caririemacao.com\/1\/wp-json\/wp\/v2\/users\/1"}],"replies":[{"embeddable":true,"href":"https:\/\/www.caririemacao.com\/1\/wp-json\/wp\/v2\/comments?post=101913"}],"version-history":[{"count":1,"href":"https:\/\/www.caririemacao.com\/1\/wp-json\/wp\/v2\/posts\/101913\/revisions"}],"predecessor-version":[{"id":101914,"href":"https:\/\/www.caririemacao.com\/1\/wp-json\/wp\/v2\/posts\/101913\/revisions\/101914"}],"wp:featuredmedia":[{"embeddable":true,"href":"https:\/\/www.caririemacao.com\/1\/wp-json\/wp\/v2\/media\/50359"}],"wp:attachment":[{"href":"https:\/\/www.caririemacao.com\/1\/wp-json\/wp\/v2\/media?parent=101913"}],"wp:term":[{"taxonomy":"category","embeddable":true,"href":"https:\/\/www.caririemacao.com\/1\/wp-json\/wp\/v2\/categories?post=101913"},{"taxonomy":"post_tag","embeddable":true,"href":"https:\/\/www.caririemacao.com\/1\/wp-json\/wp\/v2\/tags?post=101913"}],"curies":[{"name":"wp","href":"https:\/\/api.w.org\/{rel}","templated":true}]}}