{"id":101916,"date":"2019-06-25T08:01:09","date_gmt":"2019-06-25T11:01:09","guid":{"rendered":"http:\/\/www.caririemacao.com\/1\/?p=101916"},"modified":"2019-06-25T08:01:09","modified_gmt":"2019-06-25T11:01:09","slug":"bolsonaro-diz-que-vai-vetar-lista-triplice-para-agencias-reguladoras","status":"publish","type":"post","link":"https:\/\/www.caririemacao.com\/1\/2019\/06\/25\/bolsonaro-diz-que-vai-vetar-lista-triplice-para-agencias-reguladoras\/","title":{"rendered":"Bolsonaro diz que vai vetar lista tr\u00edplice para ag\u00eancias reguladoras"},"content":{"rendered":"\n<p>O presidente Jair Bolsonaro disse que vai vetar o trecho da Lei Geral das Ag\u00eancias Reguladoras que trata da indica\u00e7\u00e3o de dirigentes das autarquias. A nova lei, <a rel=\"noreferrer noopener\" href=\"http:\/\/agenciabrasil.ebc.com.br\/politica\/noticia\/2019-05\/senado-aprova-lei-geral-das-agencias-reguladoras\" target=\"_blank\">aprovada<\/a>\u00a0em maio pelo Congresso Nacional, prev\u00ea a elabora\u00e7\u00e3o de lista tr\u00edplice para a escolha de novos conselheiros, diretores e presidentes.<\/p>\n\n\n\n<p>\u201cA decis\u00e3o, at\u00e9 o momento, para indicar os presidentes das ag\u00eancias \u00e9 minha. A partir desse projeto, [passa a ser] uma lista tr\u00edplice feita por eles. Essa parte ser\u00e1 vetada de&nbsp;hoje&nbsp;para amanh\u00e3\u201d, afirmou. O presidente justificou a decis\u00e3o por n\u00e3o querer perder a influ\u00eancia que tem nas ag\u00eancias reguladoras.<\/p>\n\n\n\n<p>\u201cAs ag\u00eancias t\u00eam um poder muito grande e essa prerrogativa de o presidente [da Rep\u00fablica] indicar o presidente [da ag\u00eancia] \u00e9 importante porque n\u00f3s teremos algum poder de influ\u00eancia nessas ag\u00eancias\u201d. Bolsonaro tem at\u00e9 amanh\u00e3 (25) para sancionar ou vetar o projeto enviado pelo Congresso.<\/p>\n\n\n\n<p>O projeto, de autoria do ent\u00e3o senador Eun\u00edcio Oliveira, tramitava h\u00e1 oito anos. A mat\u00e9ria passou pelo Senado, foi para a C\u00e2mara e, ao voltar ao Senado, sofreu altera\u00e7\u00f5es. Coube aos senadores garantir a proibi\u00e7\u00e3o de indica\u00e7\u00f5es pol\u00edticas nas ag\u00eancias. Conforme o texto enviado para san\u00e7\u00e3o, os indicados para ocupar cargos precisar\u00e3o&nbsp;ter&nbsp;ficha limpa, n\u00e3o poder\u00e3o&nbsp;tercargos eletivos \u2013 ser deputado ou senador, por exemplo \u2013 nem ser parente de pol\u00edticos.<\/p>\n","protected":false},"excerpt":{"rendered":"<p>O presidente Jair Bolsonaro disse que vai vetar o trecho da Lei Geral das Ag\u00eancias Reguladoras que trata da indica\u00e7\u00e3o de dirigentes das autarquias. A&hellip; <\/p>\n","protected":false},"author":1,"featured_media":98630,"comment_status":"closed","ping_status":"closed","sticky":false,"template":"","format":"standard","meta":{"sfsi_plus_gutenberg_text_before_share":"","sfsi_plus_gutenberg_show_text_before_share":"","sfsi_plus_gutenberg_icon_type":"","sfsi_plus_gutenberg_icon_alignemt":"","sfsi_plus_gutenburg_max_per_row":"","footnotes":""},"categories":[11],"tags":[],"class_list":["post-101916","post","type-post","status-publish","format-standard","has-post-thumbnail","hentry","category-politica"],"_links":{"self":[{"href":"https:\/\/www.caririemacao.com\/1\/wp-json\/wp\/v2\/posts\/101916","targetHints":{"allow":["GET"]}}],"collection":[{"href":"https:\/\/www.caririemacao.com\/1\/wp-json\/wp\/v2\/posts"}],"about":[{"href":"https:\/\/www.caririemacao.com\/1\/wp-json\/wp\/v2\/types\/post"}],"author":[{"embeddable":true,"href":"https:\/\/www.caririemacao.com\/1\/wp-json\/wp\/v2\/users\/1"}],"replies":[{"embeddable":true,"href":"https:\/\/www.caririemacao.com\/1\/wp-json\/wp\/v2\/comments?post=101916"}],"version-history":[{"count":1,"href":"https:\/\/www.caririemacao.com\/1\/wp-json\/wp\/v2\/posts\/101916\/revisions"}],"predecessor-version":[{"id":101917,"href":"https:\/\/www.caririemacao.com\/1\/wp-json\/wp\/v2\/posts\/101916\/revisions\/101917"}],"wp:featuredmedia":[{"embeddable":true,"href":"https:\/\/www.caririemacao.com\/1\/wp-json\/wp\/v2\/media\/98630"}],"wp:attachment":[{"href":"https:\/\/www.caririemacao.com\/1\/wp-json\/wp\/v2\/media?parent=101916"}],"wp:term":[{"taxonomy":"category","embeddable":true,"href":"https:\/\/www.caririemacao.com\/1\/wp-json\/wp\/v2\/categories?post=101916"},{"taxonomy":"post_tag","embeddable":true,"href":"https:\/\/www.caririemacao.com\/1\/wp-json\/wp\/v2\/tags?post=101916"}],"curies":[{"name":"wp","href":"https:\/\/api.w.org\/{rel}","templated":true}]}}