{"id":101930,"date":"2019-06-25T08:25:34","date_gmt":"2019-06-25T11:25:34","guid":{"rendered":"http:\/\/www.caririemacao.com\/1\/?p=101930"},"modified":"2019-06-25T08:25:34","modified_gmt":"2019-06-25T11:25:34","slug":"governo-negocia-mudanca-em-bpc-na-reforma-previdenciaria","status":"publish","type":"post","link":"https:\/\/www.caririemacao.com\/1\/2019\/06\/25\/governo-negocia-mudanca-em-bpc-na-reforma-previdenciaria\/","title":{"rendered":"Governo negocia mudan\u00e7a em BPC na reforma previdenci\u00e1ria"},"content":{"rendered":"\n<p>O presidente Jair Bolsonaro discute com o Poder Legislativo mudan\u00e7as no texto da reforma previdenci\u00e1ria que ser\u00e1 levada ao plen\u00e1rio da C\u00e2mara dos Deputados.<\/p>\n\n\n\n<p>Ap\u00f3s reuni\u00e3o, no Pal\u00e1cio do Planalto, a l\u00edder do governo no Congresso, Joice Hasselmann (PSL-SP), disse que ficou acertada mudan\u00e7as no pagamento do BPC (Benef\u00edcio de Presta\u00e7\u00e3o Continuada) para pessoas com doen\u00e7as raras.<\/p>\n\n\n\n<p>Na semana passada, Bolsonaro se reuniu com a bancada do Podemos, que apresentou uma proposta do deputado Diego Garcia (PR) para que mais de um membro da fam\u00edlia de uma pessoa com defici\u00eancia ou doen\u00e7as raras possa receber o benef\u00edcio.<\/p>\n\n\n\n<p>Garcia explicou que, pelas regras atuais, apenas um membro tem direito aos recursos assistenciais nesses casos, enquanto que o BPC para idosos carentes pode ser recebido por mais de uma pessoa da fam\u00edlia.<\/p>\n\n\n\n<p>\u201cQueremos corrigir essa falha\u201d, disse o parlamentar. N\u00e3o h\u00e1 c\u00e1lculos de quanto o governo iria gastar a mais se a ideia for aprovada pelo Congresso.<\/p>\n\n\n\n<p>Segundo o deputado, Bolsonaro se sensibilizou e disse que apoiaria a emenda \u00e0 proposta de reforma da Previd\u00eancia para ampliar o acesso ao benef\u00edcio em casos de doen\u00e7as raras e defici\u00eancia.<\/p>\n\n\n\n<p>O secret\u00e1rio especial de Previd\u00eancia e Trabalho do Minist\u00e9rio da Economia, Rog\u00e9rio Marinho, n\u00e3o soube responder, nesta segunda-feira (24), sobre o assunto.<\/p>\n\n\n\n<p>\u201cPelo que eu saiba tudo que se refere a BPC foi retirado do relat\u00f3rio [da reforma]\u201d.<\/p>\n\n\n\n<p>Joice afirmou ainda que haver\u00e1 altera\u00e7\u00f5es nas regras para policiais federais, como o pagamento integral da pens\u00e3o por morte, ponto que havia sido alterado. Segundo ela, as mudan\u00e7as ser\u00e3o anunciadas no in\u00edcio desta semana pelo porta-voz da Presid\u00eancia da Rep\u00fablica, Ot\u00e1vio R\u00eago Barros.<\/p>\n\n\n\n<p>O relator da reforma, deputado Samuel Moreira (PSDB- SP), apresentou a primeira vers\u00e3o do parecer em 13 de julho. Esse texto j\u00e1 prev\u00ea que, quando um policial morrer em exerc\u00edcio da fun\u00e7\u00e3o, os dependentes ter\u00e3o direito a pens\u00e3o integral.<\/p>\n\n\n\n<p>\u201cHouve alguns avan\u00e7os em rela\u00e7\u00e3o a algumas categorias policiais. A gente conseguiu atender alguns pleitos, como o BPC para pessoas com doen\u00e7as raras. E, no estica e puxa, a equipe econ\u00f4mica j\u00e1 conseguiu ampliar as nossas contas\u201d, disse.<\/p>\n\n\n\n<p>Segundo ela, mesmo com as altera\u00e7\u00f5es, que diminuiriam a economia com a proposta, o Pal\u00e1cio do Planalto discute outras mudan\u00e7as que fariam a iniciativa retornar a um ganho total de cerca de R$ 1 trilh\u00e3o em dez anos, montante inicial programado pela equipe econ\u00f4mica.<\/p>\n\n\n\n<p>\u201cA gente est\u00e1 trabalhando nas mudan\u00e7as, mas j\u00e1 houve um acr\u00e9scimo de alguns bilh\u00f5es do relat\u00f3rio original para o modificativo. N\u00f3s estamos em uma expectativa boa porque estamos muito pr\u00f3ximos de R$ 1 trilh\u00e3o\u201d, disse.<\/p>\n\n\n\n<p>Joice reconheceu que o texto enviado ao plen\u00e1rio n\u00e3o deve incluir estados e munic\u00edpios, mas ela n\u00e3o descartou a possibilidade deles serem contemplados por meio de uma emenda aglutinativa caso prefeitos e governadores consigam reverter votos a favor da proposta.<\/p>\n\n\n\n<p>\u201cA ideia do governo era de que eles estivessem dentro do texto. Mas, como n\u00e3o houve um acordo, o que ficou definido \u00e9 que se os governadores conseguirem entregar os votos, podemos fazer em uma aglutinativa\u201d, disse.<\/p>\n\n\n\n<p>Ela disse que a meta do Pal\u00e1cio do Planalto \u00e9 chegar \u00e0 vota\u00e7\u00e3o em plen\u00e1rio com uma margem de apoio de 10% a 15% superior ao m\u00ednimo exigido para a aprova\u00e7\u00e3o da proposta, que \u00e9 de 308 votos.<\/p>\n\n\n\n<p>A expectativa \u00e9 de que o relat\u00f3rio final, a ser apresentado na quarta (26), \u200bseja votado na comiss\u00e3o especial at\u00e9 o final desta semana, para que seja analisado em plen\u00e1rio antes do in\u00edcio do recesso parlamentar, na metade de julho.<\/p>\n\n\n\n<p>Deputados pr\u00f3-reforma acreditam que cerca de 30 dos 49 membros da comiss\u00e3o especial devam votar a favor do texto.<\/p>\n\n\n\n<p>Marinho tamb\u00e9m est\u00e1 confiante na aprova\u00e7\u00e3o da proposta por ampla maioria no colegiado at\u00e9 quinta (27). \u201cTudo leva a crer que h\u00e1 uma converg\u00eancia\u201d.<\/p>\n\n\n\n<p>Para a reforma da Previd\u00eancia ser aprovada na comiss\u00e3o, \u00e9 necess\u00e1rio o apoio da maioria dos presentes na vota\u00e7\u00e3o. Portanto, 25 votos s\u00e3o suficientes para fazer a proposta avan\u00e7ar.<\/p>\n","protected":false},"excerpt":{"rendered":"<p>O presidente Jair Bolsonaro discute com o Poder Legislativo mudan\u00e7as no texto da reforma previdenci\u00e1ria que ser\u00e1 levada ao plen\u00e1rio da C\u00e2mara dos Deputados. Ap\u00f3s&hellip; <\/p>\n","protected":false},"author":1,"featured_media":101931,"comment_status":"closed","ping_status":"closed","sticky":false,"template":"","format":"standard","meta":{"sfsi_plus_gutenberg_text_before_share":"","sfsi_plus_gutenberg_show_text_before_share":"","sfsi_plus_gutenberg_icon_type":"","sfsi_plus_gutenberg_icon_alignemt":"","sfsi_plus_gutenburg_max_per_row":"","footnotes":""},"categories":[11],"tags":[],"class_list":["post-101930","post","type-post","status-publish","format-standard","has-post-thumbnail","hentry","category-politica"],"_links":{"self":[{"href":"https:\/\/www.caririemacao.com\/1\/wp-json\/wp\/v2\/posts\/101930","targetHints":{"allow":["GET"]}}],"collection":[{"href":"https:\/\/www.caririemacao.com\/1\/wp-json\/wp\/v2\/posts"}],"about":[{"href":"https:\/\/www.caririemacao.com\/1\/wp-json\/wp\/v2\/types\/post"}],"author":[{"embeddable":true,"href":"https:\/\/www.caririemacao.com\/1\/wp-json\/wp\/v2\/users\/1"}],"replies":[{"embeddable":true,"href":"https:\/\/www.caririemacao.com\/1\/wp-json\/wp\/v2\/comments?post=101930"}],"version-history":[{"count":1,"href":"https:\/\/www.caririemacao.com\/1\/wp-json\/wp\/v2\/posts\/101930\/revisions"}],"predecessor-version":[{"id":101932,"href":"https:\/\/www.caririemacao.com\/1\/wp-json\/wp\/v2\/posts\/101930\/revisions\/101932"}],"wp:featuredmedia":[{"embeddable":true,"href":"https:\/\/www.caririemacao.com\/1\/wp-json\/wp\/v2\/media\/101931"}],"wp:attachment":[{"href":"https:\/\/www.caririemacao.com\/1\/wp-json\/wp\/v2\/media?parent=101930"}],"wp:term":[{"taxonomy":"category","embeddable":true,"href":"https:\/\/www.caririemacao.com\/1\/wp-json\/wp\/v2\/categories?post=101930"},{"taxonomy":"post_tag","embeddable":true,"href":"https:\/\/www.caririemacao.com\/1\/wp-json\/wp\/v2\/tags?post=101930"}],"curies":[{"name":"wp","href":"https:\/\/api.w.org\/{rel}","templated":true}]}}