{"id":101953,"date":"2019-06-25T09:59:58","date_gmt":"2019-06-25T12:59:58","guid":{"rendered":"http:\/\/www.caririemacao.com\/1\/?p=101953"},"modified":"2019-06-25T09:59:58","modified_gmt":"2019-06-25T12:59:58","slug":"homem-e-alvejado-por-dois-tiros-em-sua-residencia-na-cidade-de-cabaceiras","status":"publish","type":"post","link":"https:\/\/www.caririemacao.com\/1\/2019\/06\/25\/homem-e-alvejado-por-dois-tiros-em-sua-residencia-na-cidade-de-cabaceiras\/","title":{"rendered":"Homem \u00e9 alvejado por dois tiros em sua resid\u00eancia na cidade de Cabaceiras"},"content":{"rendered":"\n<p>Uma tentativa de homic\u00eddio foi registrado na noite desta segunda-feira(24) no munic\u00edpio de Cabaceiras, Cariri da Para\u00edba.<\/p>\n\n\n\n<p>Segundo informa\u00e7\u00f5es apuradas pela nossa reportagem, o homem identificado por Isa\u00edas Baiano foi alvejado por dois tiros em plena sua resid\u00eancia, que fica pr\u00f3ximo a Delegacia de Pol\u00edcia Civil da cidade. Um dos tiros teria atingido o rosto de Isa\u00edas.<\/p>\n\n\n\n<div class=\"wp-block-image\"><figure class=\"aligncenter\"><img decoding=\"async\" data-src=\"http:\/\/deolhonocariri.com.br\/wp-content\/uploads\/2019\/06\/64940544_2514159311962817_971459119170977792_n.jpg\" alt=\"\" class=\"wp-image-68407 lazyload\" src=\"data:image\/svg+xml;base64,PHN2ZyB3aWR0aD0iMSIgaGVpZ2h0PSIxIiB4bWxucz0iaHR0cDovL3d3dy53My5vcmcvMjAwMC9zdmciPjwvc3ZnPg==\" \/><\/figure><\/div>\n\n\n\n<p>Ele foi socorrido consciente pelo Servi\u00e7o de Atendimento M\u00f3vel de Urg\u00eancia de Cabaceiras para o Hospital de Emerg\u00eancia e Trauma de Campina Grande. Os familiares de Isa\u00edas que moram no Rio de Janeiro j\u00e1 foram comunicados sobre o ocorrido.<\/p>\n\n\n\n<p>Ainda n\u00e3o se sabe quem teria sido o autor dos disparos e os motivos para a tentativa de homic\u00eddio ocorrida na pacata \u201cRoli\u00fade Nordestina\u201d.<\/p>\n","protected":false},"excerpt":{"rendered":"<p>Uma tentativa de homic\u00eddio foi registrado na noite desta segunda-feira(24) no munic\u00edpio de Cabaceiras, Cariri da Para\u00edba. Segundo informa\u00e7\u00f5es apuradas pela nossa reportagem, o homem&hellip; <\/p>\n","protected":false},"author":1,"featured_media":89112,"comment_status":"closed","ping_status":"closed","sticky":false,"template":"","format":"standard","meta":{"sfsi_plus_gutenberg_text_before_share":"","sfsi_plus_gutenberg_show_text_before_share":"","sfsi_plus_gutenberg_icon_type":"","sfsi_plus_gutenberg_icon_alignemt":"","sfsi_plus_gutenburg_max_per_row":"","footnotes":""},"categories":[12],"tags":[],"class_list":["post-101953","post","type-post","status-publish","format-standard","has-post-thumbnail","hentry","category-policia"],"_links":{"self":[{"href":"https:\/\/www.caririemacao.com\/1\/wp-json\/wp\/v2\/posts\/101953","targetHints":{"allow":["GET"]}}],"collection":[{"href":"https:\/\/www.caririemacao.com\/1\/wp-json\/wp\/v2\/posts"}],"about":[{"href":"https:\/\/www.caririemacao.com\/1\/wp-json\/wp\/v2\/types\/post"}],"author":[{"embeddable":true,"href":"https:\/\/www.caririemacao.com\/1\/wp-json\/wp\/v2\/users\/1"}],"replies":[{"embeddable":true,"href":"https:\/\/www.caririemacao.com\/1\/wp-json\/wp\/v2\/comments?post=101953"}],"version-history":[{"count":1,"href":"https:\/\/www.caririemacao.com\/1\/wp-json\/wp\/v2\/posts\/101953\/revisions"}],"predecessor-version":[{"id":101954,"href":"https:\/\/www.caririemacao.com\/1\/wp-json\/wp\/v2\/posts\/101953\/revisions\/101954"}],"wp:featuredmedia":[{"embeddable":true,"href":"https:\/\/www.caririemacao.com\/1\/wp-json\/wp\/v2\/media\/89112"}],"wp:attachment":[{"href":"https:\/\/www.caririemacao.com\/1\/wp-json\/wp\/v2\/media?parent=101953"}],"wp:term":[{"taxonomy":"category","embeddable":true,"href":"https:\/\/www.caririemacao.com\/1\/wp-json\/wp\/v2\/categories?post=101953"},{"taxonomy":"post_tag","embeddable":true,"href":"https:\/\/www.caririemacao.com\/1\/wp-json\/wp\/v2\/tags?post=101953"}],"curies":[{"name":"wp","href":"https:\/\/api.w.org\/{rel}","templated":true}]}}