{"id":101956,"date":"2019-06-25T10:01:31","date_gmt":"2019-06-25T13:01:31","guid":{"rendered":"http:\/\/www.caririemacao.com\/1\/?p=101956"},"modified":"2019-06-25T10:01:31","modified_gmt":"2019-06-25T13:01:31","slug":"incendio-atinge-assai-atacadista-em-campina-grande","status":"publish","type":"post","link":"https:\/\/www.caririemacao.com\/1\/2019\/06\/25\/incendio-atinge-assai-atacadista-em-campina-grande\/","title":{"rendered":"Inc\u00eandio atinge Assa\u00ed Atacadista, em Campina Grande"},"content":{"rendered":"\n<p>O Corpo de Bombeiros foi&nbsp;acionado na noite desta segunda-feira (24) para controlar um princ\u00edpio de inc\u00eandio na parte externa do hipermercado Assa\u00ed Atacadista, no bairro Liberdade, em Campina Grande. O fogo assustou moradores que t\u00eam suas casas pr\u00f3ximas do empreendimento.<\/p>\n\n\n\n<p>O Corpo de Bombeiro ainda n\u00e3o informou as poss\u00edveis&nbsp;causas do inc\u00eandio. O fogo come\u00e7ou no dep\u00f3sito de pl\u00e1stico do estabelecimento e&nbsp;foi debelado pelos bombeiros&nbsp;antes que se alastrasse mais pelo local e ganhasse grandes propor\u00e7\u00f5es.<\/p>\n\n\n\n<p><em>Com Click PB<\/em><\/p>\n","protected":false},"excerpt":{"rendered":"<p>O Corpo de Bombeiros foi&nbsp;acionado na noite desta segunda-feira (24) para controlar um princ\u00edpio de inc\u00eandio na parte externa do hipermercado Assa\u00ed Atacadista, no bairro&hellip; <\/p>\n","protected":false},"author":1,"featured_media":101957,"comment_status":"closed","ping_status":"closed","sticky":false,"template":"","format":"standard","meta":{"sfsi_plus_gutenberg_text_before_share":"","sfsi_plus_gutenberg_show_text_before_share":"","sfsi_plus_gutenberg_icon_type":"","sfsi_plus_gutenberg_icon_alignemt":"","sfsi_plus_gutenburg_max_per_row":"","footnotes":""},"categories":[12],"tags":[],"class_list":["post-101956","post","type-post","status-publish","format-standard","has-post-thumbnail","hentry","category-policia"],"_links":{"self":[{"href":"https:\/\/www.caririemacao.com\/1\/wp-json\/wp\/v2\/posts\/101956","targetHints":{"allow":["GET"]}}],"collection":[{"href":"https:\/\/www.caririemacao.com\/1\/wp-json\/wp\/v2\/posts"}],"about":[{"href":"https:\/\/www.caririemacao.com\/1\/wp-json\/wp\/v2\/types\/post"}],"author":[{"embeddable":true,"href":"https:\/\/www.caririemacao.com\/1\/wp-json\/wp\/v2\/users\/1"}],"replies":[{"embeddable":true,"href":"https:\/\/www.caririemacao.com\/1\/wp-json\/wp\/v2\/comments?post=101956"}],"version-history":[{"count":1,"href":"https:\/\/www.caririemacao.com\/1\/wp-json\/wp\/v2\/posts\/101956\/revisions"}],"predecessor-version":[{"id":101958,"href":"https:\/\/www.caririemacao.com\/1\/wp-json\/wp\/v2\/posts\/101956\/revisions\/101958"}],"wp:featuredmedia":[{"embeddable":true,"href":"https:\/\/www.caririemacao.com\/1\/wp-json\/wp\/v2\/media\/101957"}],"wp:attachment":[{"href":"https:\/\/www.caririemacao.com\/1\/wp-json\/wp\/v2\/media?parent=101956"}],"wp:term":[{"taxonomy":"category","embeddable":true,"href":"https:\/\/www.caririemacao.com\/1\/wp-json\/wp\/v2\/categories?post=101956"},{"taxonomy":"post_tag","embeddable":true,"href":"https:\/\/www.caririemacao.com\/1\/wp-json\/wp\/v2\/tags?post=101956"}],"curies":[{"name":"wp","href":"https:\/\/api.w.org\/{rel}","templated":true}]}}