{"id":101960,"date":"2019-06-25T10:03:03","date_gmt":"2019-06-25T13:03:03","guid":{"rendered":"http:\/\/www.caririemacao.com\/1\/?p=101960"},"modified":"2019-06-25T10:03:03","modified_gmt":"2019-06-25T13:03:03","slug":"carmen-lucia-diz-que-nao-retirou-habeas-corpus-de-lula-da-pauta-desta-terca-feira","status":"publish","type":"post","link":"https:\/\/www.caririemacao.com\/1\/2019\/06\/25\/carmen-lucia-diz-que-nao-retirou-habeas-corpus-de-lula-da-pauta-desta-terca-feira\/","title":{"rendered":"C\u00e1rmen L\u00facia diz que n\u00e3o retirou habeas corpus de Lula da pauta desta ter\u00e7a-feira"},"content":{"rendered":"\n<div class=\"wp-block-image\"><figure class=\"aligncenter\"><img decoding=\"async\" data-src=\"http:\/\/deolhonocariri.com.br\/wp-content\/uploads\/2019\/06\/carmen-lucia-no-stf-600x416.jpg\" alt=\"\" class=\"wp-image-68413 lazyload\" src=\"data:image\/svg+xml;base64,PHN2ZyB3aWR0aD0iMSIgaGVpZ2h0PSIxIiB4bWxucz0iaHR0cDovL3d3dy53My5vcmcvMjAwMC9zdmciPjwvc3ZnPg==\" style=\"--smush-placeholder-width: 600px; --smush-placeholder-aspect-ratio: 600\/416;\" \/><\/figure><\/div>\n\n\n\n<p>A ministra do Supremo Tribunal Federal (STF), C\u00e1rmen L\u00facia, por meio de nota divulgada na noite desta segunda-feira (24), deixou aberta a possibilidade de que o julgamento do habeas corpus (HC) da defesa do ex-presidente Lu\u00eds In\u00e1cio Lula da Silva ser\u00e1 mantido na pauta desta ter\u00e7a-feira (25).<\/p>\n\n\n\n<p>Segundo a ministra, em todas as sess\u00f5es, \u00e9 dada prefer\u00eancia e a prioridade aos habeas corpus determinada pelo Ministro Relator ou pelo Ministro Vistor. \u201cTodo processo com paciente preso tem prioridade legal e regimental, especialmente quando j\u00e1 iniciado o julgamento, como nos casos de vista, independente da ordem divulgada\u201d, disse.<\/p>\n\n\n\n<p>O ministro Edson Fachin \u00e9 o relator do HC 164.493, que pede suspei\u00e7\u00e3o do ex-juiz e atual ministro da Justi\u00e7a Sergio Moro no caso do tr\u00edplex.<\/p>\n\n\n\n<p>Informa\u00e7\u00f5es Portal Veja<\/p>\n","protected":false},"excerpt":{"rendered":"<p>A ministra do Supremo Tribunal Federal (STF), C\u00e1rmen L\u00facia, por meio de nota divulgada na noite desta segunda-feira (24), deixou aberta a possibilidade de que&hellip; <\/p>\n","protected":false},"author":1,"featured_media":47078,"comment_status":"closed","ping_status":"closed","sticky":false,"template":"","format":"standard","meta":{"sfsi_plus_gutenberg_text_before_share":"","sfsi_plus_gutenberg_show_text_before_share":"","sfsi_plus_gutenberg_icon_type":"","sfsi_plus_gutenberg_icon_alignemt":"","sfsi_plus_gutenburg_max_per_row":"","footnotes":""},"categories":[11],"tags":[],"class_list":["post-101960","post","type-post","status-publish","format-standard","has-post-thumbnail","hentry","category-politica"],"_links":{"self":[{"href":"https:\/\/www.caririemacao.com\/1\/wp-json\/wp\/v2\/posts\/101960","targetHints":{"allow":["GET"]}}],"collection":[{"href":"https:\/\/www.caririemacao.com\/1\/wp-json\/wp\/v2\/posts"}],"about":[{"href":"https:\/\/www.caririemacao.com\/1\/wp-json\/wp\/v2\/types\/post"}],"author":[{"embeddable":true,"href":"https:\/\/www.caririemacao.com\/1\/wp-json\/wp\/v2\/users\/1"}],"replies":[{"embeddable":true,"href":"https:\/\/www.caririemacao.com\/1\/wp-json\/wp\/v2\/comments?post=101960"}],"version-history":[{"count":1,"href":"https:\/\/www.caririemacao.com\/1\/wp-json\/wp\/v2\/posts\/101960\/revisions"}],"predecessor-version":[{"id":101961,"href":"https:\/\/www.caririemacao.com\/1\/wp-json\/wp\/v2\/posts\/101960\/revisions\/101961"}],"wp:featuredmedia":[{"embeddable":true,"href":"https:\/\/www.caririemacao.com\/1\/wp-json\/wp\/v2\/media\/47078"}],"wp:attachment":[{"href":"https:\/\/www.caririemacao.com\/1\/wp-json\/wp\/v2\/media?parent=101960"}],"wp:term":[{"taxonomy":"category","embeddable":true,"href":"https:\/\/www.caririemacao.com\/1\/wp-json\/wp\/v2\/categories?post=101960"},{"taxonomy":"post_tag","embeddable":true,"href":"https:\/\/www.caririemacao.com\/1\/wp-json\/wp\/v2\/tags?post=101960"}],"curies":[{"name":"wp","href":"https:\/\/api.w.org\/{rel}","templated":true}]}}