{"id":101963,"date":"2019-06-25T10:07:33","date_gmt":"2019-06-25T13:07:33","guid":{"rendered":"http:\/\/www.caririemacao.com\/1\/?p=101963"},"modified":"2019-06-25T10:07:33","modified_gmt":"2019-06-25T13:07:33","slug":"mulher-e-encontrada-desmaiada-apos-ser-atingida-na-cabeca-por-panela-de-pressao","status":"publish","type":"post","link":"https:\/\/www.caririemacao.com\/1\/2019\/06\/25\/mulher-e-encontrada-desmaiada-apos-ser-atingida-na-cabeca-por-panela-de-pressao\/","title":{"rendered":"Mulher \u00e9 encontrada desmaiada ap\u00f3s ser atingida na cabe\u00e7a por panela de press\u00e3o"},"content":{"rendered":"\n<p>Uma mulher foi encontrada desacordada no meio de uma rua do bairro Tambi\u00e1, em Jo\u00e3o Pessoa, durante a noite desta segunda-feira (24). Ela teria sido agredida pelo companheiro, que usou uma panela de press\u00e3o para atingir a cabe\u00e7a dela.<\/p>\n\n\n\n<p>Segundo informa\u00e7\u00f5es da mulher \u00e0 pol\u00edcia, o companheiro teria chegado b\u00eabado em casa e eles dois come\u00e7aram a discutir. O homem, ent\u00e3o, pegou uma panela de press\u00e3o e atingiu sua cabe\u00e7a. Eles vivem juntos h\u00e1 vinte anos.<\/p>\n\n\n\n<p>A mulher foi encaminhada para o Hospital de Emerg\u00eancia e Trauma Senador Humberto Lucena, mas j\u00e1 recebeu alta depois dos procedimentos m\u00e9dicos.<\/p>\n\n\n\n<p>O homem acusado da agress\u00e3o ainda n\u00e3o foi localizado. A v\u00edtima tamb\u00e9m ainda&nbsp;n\u00e3o teria comparecido \u00e0 uma delegacia para denunciar o companheiro.<\/p>\n","protected":false},"excerpt":{"rendered":"<p>Uma mulher foi encontrada desacordada no meio de uma rua do bairro Tambi\u00e1, em Jo\u00e3o Pessoa, durante a noite desta segunda-feira (24). Ela teria sido&hellip; <\/p>\n","protected":false},"author":1,"featured_media":1330,"comment_status":"closed","ping_status":"closed","sticky":false,"template":"","format":"standard","meta":{"sfsi_plus_gutenberg_text_before_share":"","sfsi_plus_gutenberg_show_text_before_share":"","sfsi_plus_gutenberg_icon_type":"","sfsi_plus_gutenberg_icon_alignemt":"","sfsi_plus_gutenburg_max_per_row":"","footnotes":""},"categories":[12],"tags":[],"class_list":["post-101963","post","type-post","status-publish","format-standard","has-post-thumbnail","hentry","category-policia"],"_links":{"self":[{"href":"https:\/\/www.caririemacao.com\/1\/wp-json\/wp\/v2\/posts\/101963","targetHints":{"allow":["GET"]}}],"collection":[{"href":"https:\/\/www.caririemacao.com\/1\/wp-json\/wp\/v2\/posts"}],"about":[{"href":"https:\/\/www.caririemacao.com\/1\/wp-json\/wp\/v2\/types\/post"}],"author":[{"embeddable":true,"href":"https:\/\/www.caririemacao.com\/1\/wp-json\/wp\/v2\/users\/1"}],"replies":[{"embeddable":true,"href":"https:\/\/www.caririemacao.com\/1\/wp-json\/wp\/v2\/comments?post=101963"}],"version-history":[{"count":1,"href":"https:\/\/www.caririemacao.com\/1\/wp-json\/wp\/v2\/posts\/101963\/revisions"}],"predecessor-version":[{"id":101964,"href":"https:\/\/www.caririemacao.com\/1\/wp-json\/wp\/v2\/posts\/101963\/revisions\/101964"}],"wp:featuredmedia":[{"embeddable":true,"href":"https:\/\/www.caririemacao.com\/1\/wp-json\/wp\/v2\/media\/1330"}],"wp:attachment":[{"href":"https:\/\/www.caririemacao.com\/1\/wp-json\/wp\/v2\/media?parent=101963"}],"wp:term":[{"taxonomy":"category","embeddable":true,"href":"https:\/\/www.caririemacao.com\/1\/wp-json\/wp\/v2\/categories?post=101963"},{"taxonomy":"post_tag","embeddable":true,"href":"https:\/\/www.caririemacao.com\/1\/wp-json\/wp\/v2\/tags?post=101963"}],"curies":[{"name":"wp","href":"https:\/\/api.w.org\/{rel}","templated":true}]}}