{"id":101976,"date":"2019-06-25T11:22:33","date_gmt":"2019-06-25T14:22:33","guid":{"rendered":"http:\/\/www.caririemacao.com\/1\/?p=101976"},"modified":"2019-06-25T11:22:33","modified_gmt":"2019-06-25T14:22:33","slug":"multidao-lota-praca-de-eventos-e-prestigia-festejos-dos-57-anos-de-aniversario-de-sao-joao-do-tigre","status":"publish","type":"post","link":"https:\/\/www.caririemacao.com\/1\/2019\/06\/25\/multidao-lota-praca-de-eventos-e-prestigia-festejos-dos-57-anos-de-aniversario-de-sao-joao-do-tigre\/","title":{"rendered":"Multid\u00e3o lota Pra\u00e7a de eventos e prestigia festejos dos 57 anos de anivers\u00e1rio de S\u00e3o Jo\u00e3o do Tigre"},"content":{"rendered":"\n<p>A cidade de S\u00e3o Jo\u00e3o do Tigre comemorou nesta segunda-feira, dia 24 de Junho, mais um anivers\u00e1rio de emancipa\u00e7\u00e3o pol\u00edtica em grande estilo. Em seus 57 anos de emancipa\u00e7\u00e3o, a Prefeitura Municipal preparou uma grande festa que marcou tamb\u00e9m o encerramento dos festejos juninos da cidade.<br>O cantor Pedrinho Pega\u00e7\u00e3o, Nascimento Filho e a dupla Edy e Nathan levaram uma verdadeira multid\u00e3o \u00e0 pra\u00e7a de eventos, e o p\u00fablico vibrou e dan\u00e7ou at\u00e9 o final da festa com muita empolga\u00e7\u00e3o e alegria.<br>O Prefeito C\u00e9lio Barbosa parabenizou o munic\u00edpio de S\u00e3o Jo\u00e3o do Tigre pelos seus 57 anos de emancipa\u00e7\u00e3o pol\u00edtica e atrav\u00e9s de postagem nas redes sociais, parabenizou a cidade e a todos os mun\u00edcipes por mais um ano de hist\u00f3ria.<br><strong>FOTO: YAGOR QUEIR\u00d3Z<\/strong><\/p>\n","protected":false},"excerpt":{"rendered":"<p>A cidade de S\u00e3o Jo\u00e3o do Tigre comemorou nesta segunda-feira, dia 24 de Junho, mais um anivers\u00e1rio de emancipa\u00e7\u00e3o pol\u00edtica em grande estilo. Em seus&hellip; <\/p>\n","protected":false},"author":1,"featured_media":101977,"comment_status":"closed","ping_status":"closed","sticky":false,"template":"","format":"standard","meta":{"sfsi_plus_gutenberg_text_before_share":"","sfsi_plus_gutenberg_show_text_before_share":"","sfsi_plus_gutenberg_icon_type":"","sfsi_plus_gutenberg_icon_alignemt":"","sfsi_plus_gutenburg_max_per_row":"","footnotes":""},"categories":[6],"tags":[],"class_list":["post-101976","post","type-post","status-publish","format-standard","has-post-thumbnail","hentry","category-cidades"],"_links":{"self":[{"href":"https:\/\/www.caririemacao.com\/1\/wp-json\/wp\/v2\/posts\/101976","targetHints":{"allow":["GET"]}}],"collection":[{"href":"https:\/\/www.caririemacao.com\/1\/wp-json\/wp\/v2\/posts"}],"about":[{"href":"https:\/\/www.caririemacao.com\/1\/wp-json\/wp\/v2\/types\/post"}],"author":[{"embeddable":true,"href":"https:\/\/www.caririemacao.com\/1\/wp-json\/wp\/v2\/users\/1"}],"replies":[{"embeddable":true,"href":"https:\/\/www.caririemacao.com\/1\/wp-json\/wp\/v2\/comments?post=101976"}],"version-history":[{"count":1,"href":"https:\/\/www.caririemacao.com\/1\/wp-json\/wp\/v2\/posts\/101976\/revisions"}],"predecessor-version":[{"id":101978,"href":"https:\/\/www.caririemacao.com\/1\/wp-json\/wp\/v2\/posts\/101976\/revisions\/101978"}],"wp:featuredmedia":[{"embeddable":true,"href":"https:\/\/www.caririemacao.com\/1\/wp-json\/wp\/v2\/media\/101977"}],"wp:attachment":[{"href":"https:\/\/www.caririemacao.com\/1\/wp-json\/wp\/v2\/media?parent=101976"}],"wp:term":[{"taxonomy":"category","embeddable":true,"href":"https:\/\/www.caririemacao.com\/1\/wp-json\/wp\/v2\/categories?post=101976"},{"taxonomy":"post_tag","embeddable":true,"href":"https:\/\/www.caririemacao.com\/1\/wp-json\/wp\/v2\/tags?post=101976"}],"curies":[{"name":"wp","href":"https:\/\/api.w.org\/{rel}","templated":true}]}}