{"id":101982,"date":"2019-06-25T11:24:04","date_gmt":"2019-06-25T14:24:04","guid":{"rendered":"http:\/\/www.caririemacao.com\/1\/?p=101982"},"modified":"2019-06-25T11:24:04","modified_gmt":"2019-06-25T14:24:04","slug":"problema-de-saude-adia-show-de-marcia-fellipe-em-monteiro-para-esta-terca-cantora-animara-a-noite-junto-com-wesley-safadao","status":"publish","type":"post","link":"https:\/\/www.caririemacao.com\/1\/2019\/06\/25\/problema-de-saude-adia-show-de-marcia-fellipe-em-monteiro-para-esta-terca-cantora-animara-a-noite-junto-com-wesley-safadao\/","title":{"rendered":"Problema de sa\u00fade adia show de M\u00e1rcia Fellipe em Monteiro para esta ter\u00e7a; cantora animar\u00e1 a noite junto com Wesley Safad\u00e3o"},"content":{"rendered":"\n<p>A cantora M\u00e1rcia Fellipe justificou o motivo do adiantamento de seu show em Monteiro, que ocorreria nesta segunda-feira (24), dentro do programa\u00e7\u00e3o do S\u00e3o Jo\u00e3o de Monteiro \u2013 Uma Festa Cada Vez Melhor!<br>A cantora, em v\u00eddeo, afirmou que n\u00e3o tinha condi\u00e7\u00f5es de se apresentar, por problemas em sua voz, adiando o show para esta ter\u00e7a-feira, dia 25, onde tamb\u00e9m se apresentar\u00e1 o cantor Wesley Safad\u00e3o e Walkiria Santos, entre outras atra\u00e7\u00f5es.<br>A cantora ainda pediu desculpas ao p\u00fablico, e ratificou que estar\u00e1 cumprindo seu compromisso com os seus f\u00e3s, e se apresentar\u00e1 no S\u00e3o Jo\u00e3o de Monteiro, nesta ter\u00e7a-feira, na Pra\u00e7a de Eventos Zab\u00e9 da Loca.<br><strong>Com Ascom PMM<\/strong><\/p>\n","protected":false},"excerpt":{"rendered":"<p>A cantora M\u00e1rcia Fellipe justificou o motivo do adiantamento de seu show em Monteiro, que ocorreria nesta segunda-feira (24), dentro do programa\u00e7\u00e3o do S\u00e3o Jo\u00e3o&hellip; <\/p>\n","protected":false},"author":1,"featured_media":101983,"comment_status":"closed","ping_status":"closed","sticky":false,"template":"","format":"standard","meta":{"sfsi_plus_gutenberg_text_before_share":"","sfsi_plus_gutenberg_show_text_before_share":"","sfsi_plus_gutenberg_icon_type":"","sfsi_plus_gutenberg_icon_alignemt":"","sfsi_plus_gutenburg_max_per_row":"","footnotes":""},"categories":[2],"tags":[],"class_list":["post-101982","post","type-post","status-publish","format-standard","has-post-thumbnail","hentry","category-geral"],"_links":{"self":[{"href":"https:\/\/www.caririemacao.com\/1\/wp-json\/wp\/v2\/posts\/101982","targetHints":{"allow":["GET"]}}],"collection":[{"href":"https:\/\/www.caririemacao.com\/1\/wp-json\/wp\/v2\/posts"}],"about":[{"href":"https:\/\/www.caririemacao.com\/1\/wp-json\/wp\/v2\/types\/post"}],"author":[{"embeddable":true,"href":"https:\/\/www.caririemacao.com\/1\/wp-json\/wp\/v2\/users\/1"}],"replies":[{"embeddable":true,"href":"https:\/\/www.caririemacao.com\/1\/wp-json\/wp\/v2\/comments?post=101982"}],"version-history":[{"count":1,"href":"https:\/\/www.caririemacao.com\/1\/wp-json\/wp\/v2\/posts\/101982\/revisions"}],"predecessor-version":[{"id":101984,"href":"https:\/\/www.caririemacao.com\/1\/wp-json\/wp\/v2\/posts\/101982\/revisions\/101984"}],"wp:featuredmedia":[{"embeddable":true,"href":"https:\/\/www.caririemacao.com\/1\/wp-json\/wp\/v2\/media\/101983"}],"wp:attachment":[{"href":"https:\/\/www.caririemacao.com\/1\/wp-json\/wp\/v2\/media?parent=101982"}],"wp:term":[{"taxonomy":"category","embeddable":true,"href":"https:\/\/www.caririemacao.com\/1\/wp-json\/wp\/v2\/categories?post=101982"},{"taxonomy":"post_tag","embeddable":true,"href":"https:\/\/www.caririemacao.com\/1\/wp-json\/wp\/v2\/tags?post=101982"}],"curies":[{"name":"wp","href":"https:\/\/api.w.org\/{rel}","templated":true}]}}