{"id":101986,"date":"2019-06-25T11:25:31","date_gmt":"2019-06-25T14:25:31","guid":{"rendered":"http:\/\/www.caririemacao.com\/1\/?p=101986"},"modified":"2019-06-25T11:25:31","modified_gmt":"2019-06-25T14:25:31","slug":"sao-pedro-da-duque-se-aproxima-e-promete-ser-um-dos-pontos-altos-dos-festejos-juninos-de-camalau","status":"publish","type":"post","link":"https:\/\/www.caririemacao.com\/1\/2019\/06\/25\/sao-pedro-da-duque-se-aproxima-e-promete-ser-um-dos-pontos-altos-dos-festejos-juninos-de-camalau\/","title":{"rendered":"S\u00e3o Pedro da Duque se aproxima e promete ser um dos pontos altos dos festejos juninos de Camala\u00fa"},"content":{"rendered":"\n<p>Est\u00e1 se aproximando o dia 29, data em que ser\u00e1 realizado o tradicional S\u00e3o Pedro da Duque, na cidade de Camala\u00fa, um dos eventos mais tradicionais dos festejos juninos da cidade.<br>O evento contar\u00e1 com uma grande quadrilha junina e logo ap\u00f3s, haver\u00e1 show com Ragner Vox e Banda Pegada Segura.<br>A festa acontece \u00e0 partir das 08 horas da noite do pr\u00f3ximo s\u00e1bado (29) e a organiza\u00e7\u00e3o \u00e9 da fam\u00edlia Chupita, com o apoio total da Prefeitura Municipal de Camala\u00fa.<br><strong>F\u00c1BIO BRITO<\/strong><\/p>\n","protected":false},"excerpt":{"rendered":"<p>Est\u00e1 se aproximando o dia 29, data em que ser\u00e1 realizado o tradicional S\u00e3o Pedro da Duque, na cidade de Camala\u00fa, um dos eventos mais&hellip; <\/p>\n","protected":false},"author":1,"featured_media":101987,"comment_status":"closed","ping_status":"closed","sticky":false,"template":"","format":"standard","meta":{"sfsi_plus_gutenberg_text_before_share":"","sfsi_plus_gutenberg_show_text_before_share":"","sfsi_plus_gutenberg_icon_type":"","sfsi_plus_gutenberg_icon_alignemt":"","sfsi_plus_gutenburg_max_per_row":"","footnotes":""},"categories":[2],"tags":[],"class_list":["post-101986","post","type-post","status-publish","format-standard","has-post-thumbnail","hentry","category-geral"],"_links":{"self":[{"href":"https:\/\/www.caririemacao.com\/1\/wp-json\/wp\/v2\/posts\/101986","targetHints":{"allow":["GET"]}}],"collection":[{"href":"https:\/\/www.caririemacao.com\/1\/wp-json\/wp\/v2\/posts"}],"about":[{"href":"https:\/\/www.caririemacao.com\/1\/wp-json\/wp\/v2\/types\/post"}],"author":[{"embeddable":true,"href":"https:\/\/www.caririemacao.com\/1\/wp-json\/wp\/v2\/users\/1"}],"replies":[{"embeddable":true,"href":"https:\/\/www.caririemacao.com\/1\/wp-json\/wp\/v2\/comments?post=101986"}],"version-history":[{"count":1,"href":"https:\/\/www.caririemacao.com\/1\/wp-json\/wp\/v2\/posts\/101986\/revisions"}],"predecessor-version":[{"id":101988,"href":"https:\/\/www.caririemacao.com\/1\/wp-json\/wp\/v2\/posts\/101986\/revisions\/101988"}],"wp:featuredmedia":[{"embeddable":true,"href":"https:\/\/www.caririemacao.com\/1\/wp-json\/wp\/v2\/media\/101987"}],"wp:attachment":[{"href":"https:\/\/www.caririemacao.com\/1\/wp-json\/wp\/v2\/media?parent=101986"}],"wp:term":[{"taxonomy":"category","embeddable":true,"href":"https:\/\/www.caririemacao.com\/1\/wp-json\/wp\/v2\/categories?post=101986"},{"taxonomy":"post_tag","embeddable":true,"href":"https:\/\/www.caririemacao.com\/1\/wp-json\/wp\/v2\/tags?post=101986"}],"curies":[{"name":"wp","href":"https:\/\/api.w.org\/{rel}","templated":true}]}}