{"id":101990,"date":"2019-06-25T11:27:09","date_gmt":"2019-06-25T14:27:09","guid":{"rendered":"http:\/\/www.caririemacao.com\/1\/?p=101990"},"modified":"2019-06-25T11:27:09","modified_gmt":"2019-06-25T14:27:09","slug":"prova-de-suficiencia-para-candidatos-ao-conselho-tutelar-de-sume-sera-dia-30-de-junho","status":"publish","type":"post","link":"https:\/\/www.caririemacao.com\/1\/2019\/06\/25\/prova-de-suficiencia-para-candidatos-ao-conselho-tutelar-de-sume-sera-dia-30-de-junho\/","title":{"rendered":"Prova de sufici\u00eancia para candidatos ao Conselho Tutelar de Sum\u00e9 ser\u00e1 dia 30 de junho"},"content":{"rendered":"\n<p>O CONSELHO MUNICIPAL DE DIREITOS DA CRIAN\u00c7A E DO ADOLESCENTE DO MUNIC\u00cdPIO DE SUM\u00c9\/PB, por meio da Comiss\u00e3o Especial de Escolha Unificada, nomeado pela Resolu\u00e7\u00e3o CMDCA n\u00ba 010\/2019, comunica aos candidatos a conselheiro tutelar considerados aptos, conforme resultado do teste de sanidade mental, que a prova de sufici\u00eancia que trata o art. 6\u00ba, da Resolu\u00e7\u00e3o CMDCA n\u00ba 011\/2019, Ratificada pelo Edital CMDCA n\u00ba 001\/2019, ambas Republicas\/Retificadas em cumprimento a Lei Federal n\u00ba 13.824, de 09 de maio de 2019, ser\u00e3o realizadas no dia 30 de junho de 2019, na Escola Municipal Maria Leite Rafael, localizada na Rua Vicente Preto no bairro Alto Alegre, com in\u00edcio \u00e0s 08h e t\u00e9rmino \u00e0s 12h. Os candidatos dever\u00e3o comparecer ao local da realiza\u00e7\u00e3o da prova 30 minutos antes do tempo previsto para o in\u00edcio.<br><\/p>\n\n\n\n<p><strong>SHEYLLA DE K\u00c1SSIA SILVA GALV\u00c3OPresidente da Comiss\u00e3o<\/strong><\/p>\n","protected":false},"excerpt":{"rendered":"<p>O CONSELHO MUNICIPAL DE DIREITOS DA CRIAN\u00c7A E DO ADOLESCENTE DO MUNIC\u00cdPIO DE SUM\u00c9\/PB, por meio da Comiss\u00e3o Especial de Escolha Unificada, nomeado pela Resolu\u00e7\u00e3o&hellip; <\/p>\n","protected":false},"author":1,"featured_media":101991,"comment_status":"closed","ping_status":"closed","sticky":false,"template":"","format":"standard","meta":{"sfsi_plus_gutenberg_text_before_share":"","sfsi_plus_gutenberg_show_text_before_share":"","sfsi_plus_gutenberg_icon_type":"","sfsi_plus_gutenberg_icon_alignemt":"","sfsi_plus_gutenburg_max_per_row":"","footnotes":""},"categories":[2],"tags":[],"class_list":["post-101990","post","type-post","status-publish","format-standard","has-post-thumbnail","hentry","category-geral"],"_links":{"self":[{"href":"https:\/\/www.caririemacao.com\/1\/wp-json\/wp\/v2\/posts\/101990","targetHints":{"allow":["GET"]}}],"collection":[{"href":"https:\/\/www.caririemacao.com\/1\/wp-json\/wp\/v2\/posts"}],"about":[{"href":"https:\/\/www.caririemacao.com\/1\/wp-json\/wp\/v2\/types\/post"}],"author":[{"embeddable":true,"href":"https:\/\/www.caririemacao.com\/1\/wp-json\/wp\/v2\/users\/1"}],"replies":[{"embeddable":true,"href":"https:\/\/www.caririemacao.com\/1\/wp-json\/wp\/v2\/comments?post=101990"}],"version-history":[{"count":1,"href":"https:\/\/www.caririemacao.com\/1\/wp-json\/wp\/v2\/posts\/101990\/revisions"}],"predecessor-version":[{"id":101992,"href":"https:\/\/www.caririemacao.com\/1\/wp-json\/wp\/v2\/posts\/101990\/revisions\/101992"}],"wp:featuredmedia":[{"embeddable":true,"href":"https:\/\/www.caririemacao.com\/1\/wp-json\/wp\/v2\/media\/101991"}],"wp:attachment":[{"href":"https:\/\/www.caririemacao.com\/1\/wp-json\/wp\/v2\/media?parent=101990"}],"wp:term":[{"taxonomy":"category","embeddable":true,"href":"https:\/\/www.caririemacao.com\/1\/wp-json\/wp\/v2\/categories?post=101990"},{"taxonomy":"post_tag","embeddable":true,"href":"https:\/\/www.caririemacao.com\/1\/wp-json\/wp\/v2\/tags?post=101990"}],"curies":[{"name":"wp","href":"https:\/\/api.w.org\/{rel}","templated":true}]}}