{"id":101998,"date":"2019-06-25T12:18:42","date_gmt":"2019-06-25T15:18:42","guid":{"rendered":"http:\/\/www.caririemacao.com\/1\/?p=101998"},"modified":"2019-06-25T12:18:42","modified_gmt":"2019-06-25T15:18:42","slug":"fotos-forro-campina-se-apresenta-no-arraial-duduzao-em-caraubas","status":"publish","type":"post","link":"https:\/\/www.caririemacao.com\/1\/2019\/06\/25\/fotos-forro-campina-se-apresenta-no-arraial-duduzao-em-caraubas\/","title":{"rendered":"FOTOS: Forr\u00f3 Campina se apresenta no Arraial Duduz\u00e3o em Cara\u00fabas"},"content":{"rendered":"\n<p>Dentro da programa\u00e7\u00e3o junina da Prefeitura de Cara\u00fabas, os\ncaraubenses acompanharam uma animada noite de forr\u00f3, ao som da Trio Forr\u00f3\nCampina. A banda esquentou o p\u00fablico presente e cantou os maiores cl\u00e1ssicos do\nforr\u00f3.<\/p>\n\n\n\n<p>Ao lado da primeira dama e vereadora Neide, e de amigos, o prefeito\nSilvano Dudu, esteve prestigiando a noite de forr\u00f3 organizada no Arraial\nDuduz\u00e3o. Ainda estiveram presentes os secret\u00e1rios e vereadores da base do prefeito.\n<\/p>\n\n\n\n<p>Silvano aproveitou para convidar a popula\u00e7\u00e3o para participar de toda programa\u00e7\u00e3o dos festejos juninos no munic\u00edpio que iniciou dia 14 e se estende at\u00e9 o dia 30.<\/p>\n\n\n\n<p><a href=\"https:\/\/www.facebook.com\/pg\/CaririEmAcao\/photos\/?tab=album&amp;album_id=1581153945353956\">VEJA TODAS AS FOTOS. CLIQUE AQUI.<\/a><\/p>\n","protected":false},"excerpt":{"rendered":"<p>Dentro da programa\u00e7\u00e3o junina da Prefeitura de Cara\u00fabas, os caraubenses acompanharam uma animada noite de forr\u00f3, ao som da Trio Forr\u00f3 Campina. A banda esquentou&hellip; <\/p>\n","protected":false},"author":2,"featured_media":101999,"comment_status":"closed","ping_status":"closed","sticky":false,"template":"","format":"standard","meta":{"sfsi_plus_gutenberg_text_before_share":"","sfsi_plus_gutenberg_show_text_before_share":"","sfsi_plus_gutenberg_icon_type":"","sfsi_plus_gutenberg_icon_alignemt":"","sfsi_plus_gutenburg_max_per_row":"","footnotes":""},"categories":[6,50],"tags":[],"class_list":["post-101998","post","type-post","status-publish","format-standard","has-post-thumbnail","hentry","category-cidades","category-destaque"],"_links":{"self":[{"href":"https:\/\/www.caririemacao.com\/1\/wp-json\/wp\/v2\/posts\/101998","targetHints":{"allow":["GET"]}}],"collection":[{"href":"https:\/\/www.caririemacao.com\/1\/wp-json\/wp\/v2\/posts"}],"about":[{"href":"https:\/\/www.caririemacao.com\/1\/wp-json\/wp\/v2\/types\/post"}],"author":[{"embeddable":true,"href":"https:\/\/www.caririemacao.com\/1\/wp-json\/wp\/v2\/users\/2"}],"replies":[{"embeddable":true,"href":"https:\/\/www.caririemacao.com\/1\/wp-json\/wp\/v2\/comments?post=101998"}],"version-history":[{"count":1,"href":"https:\/\/www.caririemacao.com\/1\/wp-json\/wp\/v2\/posts\/101998\/revisions"}],"predecessor-version":[{"id":102000,"href":"https:\/\/www.caririemacao.com\/1\/wp-json\/wp\/v2\/posts\/101998\/revisions\/102000"}],"wp:featuredmedia":[{"embeddable":true,"href":"https:\/\/www.caririemacao.com\/1\/wp-json\/wp\/v2\/media\/101999"}],"wp:attachment":[{"href":"https:\/\/www.caririemacao.com\/1\/wp-json\/wp\/v2\/media?parent=101998"}],"wp:term":[{"taxonomy":"category","embeddable":true,"href":"https:\/\/www.caririemacao.com\/1\/wp-json\/wp\/v2\/categories?post=101998"},{"taxonomy":"post_tag","embeddable":true,"href":"https:\/\/www.caririemacao.com\/1\/wp-json\/wp\/v2\/tags?post=101998"}],"curies":[{"name":"wp","href":"https:\/\/api.w.org\/{rel}","templated":true}]}}