{"id":102001,"date":"2019-06-25T13:46:14","date_gmt":"2019-06-25T16:46:14","guid":{"rendered":"http:\/\/www.caririemacao.com\/1\/?p=102001"},"modified":"2019-06-25T13:46:14","modified_gmt":"2019-06-25T16:46:14","slug":"concurso-do-ibge-com-400-vagas-tem-cargos-de-nivel-superior-para-a-paraiba","status":"publish","type":"post","link":"https:\/\/www.caririemacao.com\/1\/2019\/06\/25\/concurso-do-ibge-com-400-vagas-tem-cargos-de-nivel-superior-para-a-paraiba\/","title":{"rendered":"Concurso do IBGE com 400 vagas tem cargos de n\u00edvel superior para a Para\u00edba"},"content":{"rendered":"\n<p>O instituto AOCP divulgou uma lista com os cargos, quantidade de vagas e locais do processo seletivo para 400 vagas de analista censit\u00e1rio no Instituto Brasileiro de Geografia e Estat\u00edstica (IBGE). Ao todo, conforme foi apurado pelo ClickPB, s\u00e3o oferecidas seis vagas para cinco cargos em Jo\u00e3o Pessoa, de acordo com a lista divulgada.<\/p>\n\n\n\n<p>Na capital paraibana foi disponibilizada uma vaga para Ci\u00eancias Cont\u00e1beis, uma vaga para Geoprocessamento, duas vagas para Gest\u00e3o e Infraestrutura, uma vaga para Jornalismo e uma vaga para M\u00e9todos Quantitativos.<\/p>\n\n\n\n<p>Todos os cargos exigem n\u00edvel superior de escolaridade e a taxa de inscri\u00e7\u00e3o \u00e9 de R$ 65. A autoriza\u00e7\u00e3o para a realiza\u00e7\u00e3o de processo seletivo simplificado foi dada no dia 30 de abril.<\/p>\n\n\n\n<p><a href=\"http:\/\/www.institutoaocp.org.br\/concurso.jsp?id=223\">Confira o quadro completo no sie da banca organizadora, a AOCP<\/a><\/p>\n\n\n\n<p>Os analistas censit\u00e1rios poder\u00e3o ser contratados a partir de setembro de 2019 para as etapas de planejamento, acompanhamento e suporte especializado relativas ao Censo Demogr\u00e1fico 2020. O prazo de dura\u00e7\u00e3o dos contratos ser\u00e1 de at\u00e9 1 ano, mas poder\u00e3o ser prorrogados, com base nas necessidades de conclus\u00e3o das atividades.<\/p>\n\n\n\n<p>A contrata\u00e7\u00e3o \u00e9 por tempo determinado, para atender \u00e0 necessidade tempor\u00e1ria de excepcional interesse p\u00fablico. Al\u00e9m da Para\u00edba, tamb\u00e9m h\u00e1 vagas para v\u00e1rios estados brasileiros, como o Rio de Janeiro, Pernambuco, Alagoas, Rio Grande do Norte, Rio Grande do Sul e Cear\u00e1.<\/p>\n\n\n\n<p>H\u00e1 ainda outro concurso para o Censo em andamento, para 209 vagas tempor\u00e1rias de n\u00edvel fundamental e m\u00e9dio, cujas inscri\u00e7\u00f5es terminaram no dia 14 de junho. H\u00e1 tamb\u00e9m 234.416 vagas autorizadas a serem preenchidas por meio de processo seletivo. O edital deve ser publicado at\u00e9 novembro.<\/p>\n\n\n\n<figure class=\"wp-block-image\"><img decoding=\"async\" data-src=\"https:\/\/www.clickpb.com.br\/media\/filer_public\/4d\/ea\/4dea5f85-dec5-4e58-b724-929065462c98\/ibge_-_ciencias_contabeis.png\" alt=\"\" src=\"data:image\/svg+xml;base64,PHN2ZyB3aWR0aD0iMSIgaGVpZ2h0PSIxIiB4bWxucz0iaHR0cDovL3d3dy53My5vcmcvMjAwMC9zdmciPjwvc3ZnPg==\" class=\"lazyload\" \/><\/figure>\n\n\n\n<figure class=\"wp-block-image\"><img decoding=\"async\" data-src=\"https:\/\/www.clickpb.com.br\/media\/filer_public\/49\/e7\/49e7cd5e-f2b0-4daa-a2c1-524db04602f2\/ibge_-_geoprocessamento.png\" alt=\"\" src=\"data:image\/svg+xml;base64,PHN2ZyB3aWR0aD0iMSIgaGVpZ2h0PSIxIiB4bWxucz0iaHR0cDovL3d3dy53My5vcmcvMjAwMC9zdmciPjwvc3ZnPg==\" class=\"lazyload\" \/><\/figure>\n\n\n\n<figure class=\"wp-block-image\"><img decoding=\"async\" data-src=\"https:\/\/www.clickpb.com.br\/media\/filer_public\/2e\/eb\/2eeb6ed9-508d-4975-96b2-0aab86adae0f\/ibge_-_gestao_e_infraestrutura.png\" alt=\"\" src=\"data:image\/svg+xml;base64,PHN2ZyB3aWR0aD0iMSIgaGVpZ2h0PSIxIiB4bWxucz0iaHR0cDovL3d3dy53My5vcmcvMjAwMC9zdmciPjwvc3ZnPg==\" class=\"lazyload\" \/><\/figure>\n\n\n\n<figure class=\"wp-block-image\"><img decoding=\"async\" data-src=\"https:\/\/www.clickpb.com.br\/media\/filer_public\/10\/1d\/101d445d-1c25-4f16-be4f-2c6b837c5749\/ibge_-_jornalismo.png\" alt=\"\" src=\"data:image\/svg+xml;base64,PHN2ZyB3aWR0aD0iMSIgaGVpZ2h0PSIxIiB4bWxucz0iaHR0cDovL3d3dy53My5vcmcvMjAwMC9zdmciPjwvc3ZnPg==\" class=\"lazyload\" \/><\/figure>\n\n\n\n<figure class=\"wp-block-image\"><img decoding=\"async\" data-src=\"https:\/\/www.clickpb.com.br\/media\/filer_public\/bd\/e7\/bde7638a-4581-4524-bc5e-926ae3dac9ab\/ibge_-_metodos_quantitativos.png\" alt=\"\" src=\"data:image\/svg+xml;base64,PHN2ZyB3aWR0aD0iMSIgaGVpZ2h0PSIxIiB4bWxucz0iaHR0cDovL3d3dy53My5vcmcvMjAwMC9zdmciPjwvc3ZnPg==\" class=\"lazyload\" \/><\/figure>\n\n\n\n<p><strong>Veja abaixo a distribui\u00e7\u00e3o das vagas:<\/strong><\/p>\n\n\n\n<p><strong>Rio de Janeiro<\/strong><\/p>\n\n\n\n<p>Analista de sistemas\/Desenvolvimento de Aplica\u00e7\u00f5es \u2013 13 vagas<br>Analista de sistemas\/Desenvolvimento de Aplica\u00e7\u00f5es WebMobile \u2013 2 vagas<br>Analista de Sistemas\/Suporte a Comunica\u00e7\u00f5es e Rede \u2013 3 vagas<br>Analista de Sistemas\/Suporte \u00e0 Produ\u00e7\u00e3o \u2013 3 vagas<br>Analista de Sistemas\/Suporte Operacional e de Tecnologia \u2013 3 vagas<br>Analista Socioecon\u00f4mico \u2013 5 vagas<br>Biblioteconomia e Documenta\u00e7\u00e3o \u2013 3 vagas<\/p>\n\n\n\n<p><br><strong>Ci\u00eancias cont\u00e1beis<\/strong><\/p>\n\n\n\n<p>Bras\u00edlia \u2013 1 vaga<br>Vit\u00f3ria \u2013 1 vaga<br>S\u00e3o Lu\u00eds &#8211; 1 vaga<br>Belo Horizonte \u2013 1 vaga<br>Campo Grande \u2013 1 vaga<br>Cuiab\u00e1 \u2013 1 vaga<br>Bel\u00e9m \u2013 1 vaga<br>Jo\u00e3o Pessoa \u2013 1 vaga<br>Recife \u2013 1 vaga<br>Teresina \u2013 1 vaga<br>Curitiba \u2013 1 vaga<br>Rio de Janeiro \u2013 3 vagas<br>Natal \u2013 1 vaga<br>Porto Velho &#8211; 1 vaga<br>Boa Vista \u2013 1 vaga<br>Salvador \u2013 1 vaga<br>Goi\u00e2nia \u2013 1 vaga<br>Rio Branco \u2013 1 vaga<br>Macei\u00f3 \u2013 1 vaga<br>Manaus \u2013 1 vaga<br>Macap\u00e1 \u2013 1 vaga<br>Fortaleza \u2013 1 vaga<br>Porto Alegre &#8211; 1 vaga<br>Florian\u00f3polis \u2013 1 vaga<br>Aracaju \u2013 1 vaga<br>S\u00e3o Paulo \u2013 1 vaga<br>Palmas \u2013 1 vaga<\/p>\n\n\n\n<p><br><strong>Ci\u00eancias sociais<\/strong><\/p>\n\n\n\n<p>Rio Branco \u2013 1 vaga<br>Palmas \u2013 1 vaga<br>Macei\u00f3 \u2013 1 vaga<br>Manaus \u2013 1 vaga<br>Salvador \u2013 1 vaga<br>Fortaleza \u2013 1 vaga<br>Campo Grande \u2013 1 vaga<br>Cuiab\u00e1 \u2013 1 vaga<br>Bel\u00e9m \u2013 1 vaga<br>Recife \u2013 1 vaga<br>Porto Velho \u2013 1 vaga<br>Boa Vista \u2013 1 vaga<\/p>\n\n\n\n<p><br><strong>Desenho Instrucional<\/strong><\/p>\n\n\n\n<p>Rio de Janeiro &#8211; 2 vagas<\/p>\n\n\n\n<p><strong>Geoprocessamento<\/strong><\/p>\n\n\n\n<p>Recife \u2013 1 vaga<br>Aracaju \u2013 1 vaga<br>Boa Vista \u2013 1 vaga<br>Rio de Janeiro \u2013 13 vagas<br>S\u00e3o Lu\u00eds \u2013 1 vaga<br>Jo\u00e3o Pessoa \u2013 1 vaga<br>Natal \u2013 1 vaga<\/p>\n\n\n\n<p><strong>Gest\u00e3o e Infraestrutura<\/strong><\/p>\n\n\n\n<p>Jo\u00e3o Pessoa \u2013 2 vagas<br>Rio Branco \u2013 2 vagas<br>Macei\u00f3 \u2013 2 vagas<br>Manaus \u2013 3 vagas<br>Macap\u00e1 \u2013 2 vagas<br>Salvador \u2013 4 vagas<br>Fortaleza \u2013 3 vagas<br>Bras\u00edlia \u2013 2 vagas<br>Vit\u00f3ria \u2013 2 vagas<br>Goi\u00e2nia \u2013 2 vagas<br>S\u00e3o Lu\u00eds \u2013 2 vagas<br>Belo Horizonte \u2013 2 vagas<br>Campo Grande \u2013 2 vagas<br>Cuiab\u00e1 \u2013 6 vagas<br>Bel\u00e9m \u2013 3 vagas<br>Recife \u2013 4 vagas<br>Teresina \u2013 3 vagas<br>Curitiba \u2013 3 vagas<br>Rio de Janeiro \u2013 19 vagas<br>Natal \u2013 2 vagas<br>Porto Velho \u2013 3 vagas<br>Boa Vista \u2013 2 vagas<br>Porto Alegre \u2013 2 vagas<br>Florian\u00f3polis \u2013 3 vagas<br>Aracaju \u2013 7 vagas<br>S\u00e3o Paulo \u2013 2 vagas<br>Palmas \u2013 2 vagas<\/p>\n\n\n\n<p><strong>Jornalismo<\/strong><\/p>\n\n\n\n<p>Aracaju \u2013 1 vaga<br>Palmas \u2013 1 vaga<br>Rio Branco \u2013 1 vaga<br>Macei\u00f3 \u2013 1 vaga<br>Manaus \u2013 1 vaga<br>S\u00e3o Paulo \u2013 1 vaga<br>Macap\u00e1 \u2013 1 vaga<br>Salvador \u2013 1 vaga<br>Fortaleza \u2013 1 vaga<br>Bras\u00edlia \u2013 1 vaga<br>Vit\u00f3ria \u2013 1 vaga<br>Goi\u00e2nia \u2013 1 vaga<br>S\u00e3o Lu\u00eds \u2013 1 vaga<br>Belo Horizonte \u2013 1 vaga<br>Campo Grande \u2013 1 vaga<br>Cuiab\u00e1 \u2013 1 vaga<br>Bel\u00e9m \u2013 1 vaga<br>Jo\u00e3o Pessoal \u2013 1 vaga<br>Recife \u2013 1 vaga<br>Teresina \u2013 1 vaga<br>Curitiba \u2013 1 vaga<br>Rio de Janeiro \u2013 6 vagas<br>Natal \u2013 1 vaga<br>Porto Velho \u2013 1 vaga<br>Boa Vista \u2013 1 vaga<br>Porto Alegre \u2013 1 vaga<br>Florian\u00f3polis \u2013 1 vaga<\/p>\n\n\n\n<p><strong>Letras<\/strong><\/p>\n\n\n\n<p>Rio de Janeiro: 1 vaga<\/p>\n\n\n\n<p><strong>Log\u00edstica<\/strong><\/p>\n\n\n\n<p>Rio de Janeiro: 3 vagas<\/p>\n\n\n\n<p><strong>M\u00e9todos Quantitativos<\/strong><\/p>\n\n\n\n<p>Jo\u00e3o Pessoa \u2013 1 vaga<br>Florian\u00f3polis \u2013 1 vaga<br>Aracaju \u2013 1 vaga<br>S\u00e3o Paulo \u2013 1 vaga<br>Palmas \u2013 1 vaga<br>Rio Branco \u2013 1 vaga<br>Macei\u00f3 \u2013 1 vaga<br>Bel\u00e9m \u2013 1 vaga<br>Manaus \u2013 1 vaga<br>Macap\u00e1 \u2013 1 vaga<br>Salvador \u2013 1 vaga<br>Fortaleza \u2013 1 vaga<br>Bras\u00edlia \u2013 1 vaga<br>Vit\u00f3ria \u2013 1 vaga<br>Goi\u00e2nia \u2013 1 vaga<br>S\u00e3o Lu\u00eds \u2013 1 vaga<br>Belo Horizonte \u2013 1 vaga<br>Campo Grande \u2013 1 vaga<br>Recife \u2013 1 vaga<br>Teresina \u2013 1 vaga<br>Curitiba &#8211; 1 vaga<br>Rio de Janeiro \u2013 21 vagas<br>Cuiab\u00e1 \u2013 1 vaga<br>Natal \u2013 1 vaga<br>Porto Velho \u2013 1 vaga<br>Boa Vista \u2013 \u2013 1 vaga<br>Porto Alegre \u2013 1 vaga<\/p>\n\n\n\n<p><strong>Planejamento e gest\u00e3o<\/strong><\/p>\n\n\n\n<p>Rio de Janeiro: 1 vaga<\/p>\n\n\n\n<p><strong>Produ\u00e7\u00e3o gr\u00e1fica\/editorial<\/strong><\/p>\n\n\n\n<p>Rio de Janeiro: 2 vagas<\/p>\n\n\n\n<p><strong>Programa\u00e7\u00e3o visual\/Webdesign<\/strong><\/p>\n\n\n\n<p>Rio de Janeiro: 7 vagas<\/p>\n\n\n\n<p><strong>Recursos humanos<\/strong><\/p>\n\n\n\n<p>Rio de Janeiro: 4 vagas<\/p>\n","protected":false},"excerpt":{"rendered":"<p>O instituto AOCP divulgou uma lista com os cargos, quantidade de vagas e locais do processo seletivo para 400 vagas de analista censit\u00e1rio no Instituto&hellip; <\/p>\n","protected":false},"author":1,"featured_media":93462,"comment_status":"closed","ping_status":"closed","sticky":false,"template":"","format":"standard","meta":{"sfsi_plus_gutenberg_text_before_share":"","sfsi_plus_gutenberg_show_text_before_share":"","sfsi_plus_gutenberg_icon_type":"","sfsi_plus_gutenberg_icon_alignemt":"","sfsi_plus_gutenburg_max_per_row":"","footnotes":""},"categories":[2],"tags":[],"class_list":["post-102001","post","type-post","status-publish","format-standard","has-post-thumbnail","hentry","category-geral"],"_links":{"self":[{"href":"https:\/\/www.caririemacao.com\/1\/wp-json\/wp\/v2\/posts\/102001","targetHints":{"allow":["GET"]}}],"collection":[{"href":"https:\/\/www.caririemacao.com\/1\/wp-json\/wp\/v2\/posts"}],"about":[{"href":"https:\/\/www.caririemacao.com\/1\/wp-json\/wp\/v2\/types\/post"}],"author":[{"embeddable":true,"href":"https:\/\/www.caririemacao.com\/1\/wp-json\/wp\/v2\/users\/1"}],"replies":[{"embeddable":true,"href":"https:\/\/www.caririemacao.com\/1\/wp-json\/wp\/v2\/comments?post=102001"}],"version-history":[{"count":1,"href":"https:\/\/www.caririemacao.com\/1\/wp-json\/wp\/v2\/posts\/102001\/revisions"}],"predecessor-version":[{"id":102002,"href":"https:\/\/www.caririemacao.com\/1\/wp-json\/wp\/v2\/posts\/102001\/revisions\/102002"}],"wp:featuredmedia":[{"embeddable":true,"href":"https:\/\/www.caririemacao.com\/1\/wp-json\/wp\/v2\/media\/93462"}],"wp:attachment":[{"href":"https:\/\/www.caririemacao.com\/1\/wp-json\/wp\/v2\/media?parent=102001"}],"wp:term":[{"taxonomy":"category","embeddable":true,"href":"https:\/\/www.caririemacao.com\/1\/wp-json\/wp\/v2\/categories?post=102001"},{"taxonomy":"post_tag","embeddable":true,"href":"https:\/\/www.caririemacao.com\/1\/wp-json\/wp\/v2\/tags?post=102001"}],"curies":[{"name":"wp","href":"https:\/\/api.w.org\/{rel}","templated":true}]}}