{"id":102006,"date":"2019-06-25T13:48:55","date_gmt":"2019-06-25T16:48:55","guid":{"rendered":"http:\/\/www.caririemacao.com\/1\/?p=102006"},"modified":"2019-06-25T13:48:55","modified_gmt":"2019-06-25T16:48:55","slug":"fies-abre-inscricao-nesta-terca-25-veja-como-garantir-financiamento","status":"publish","type":"post","link":"https:\/\/www.caririemacao.com\/1\/2019\/06\/25\/fies-abre-inscricao-nesta-terca-25-veja-como-garantir-financiamento\/","title":{"rendered":"Fies abre inscri\u00e7\u00e3o nesta ter\u00e7a (25); veja como garantir financiamento"},"content":{"rendered":"\n<p>O Fies, programa do minist\u00e9rio da Educa\u00e7\u00e3o de financiamento estudantil para cursos de gradua\u00e7\u00e3o em faculdades, institutos e universidades privadas, abriu inscri\u00e7\u00e3o nesta ter\u00e7a-feira (25).<\/p>\n\n\n\n<p>Os interessados ter\u00e3o at\u00e9 o dia 1\u00ba de julho para garantir a inscri\u00e7\u00e3o. Ela ser\u00e1 feita exclusivamente no site do programa federal.<\/p>\n\n\n\n<p>As inscri\u00e7\u00f5es s\u00e3o feitas pela internet no endere\u00e7o:&nbsp;<a href=\"https:\/\/fiesselecaoaluno.mec.gov.br\/usuario-login\">http:\/\/fiesselecaoaluno.mec.gov.br.<\/a><br><\/p>\n\n\n\n<p>O fundo possui duas modalidades de financiamento, que variam conforme a renda familiar do estudante. A cobertura come\u00e7a com 50% de subs\u00eddio e atinge at\u00e9 99% do valor do curso pretendido.<\/p>\n\n\n\n<p>Na primeira modalidade poder\u00e3o se inscrever os estudantes com renda per capita de at\u00e9 tr\u00eas sal\u00e1rios-m\u00ednimos, o equivalente a R$ 2.994.<\/p>\n\n\n\n<p>A segunda modalidade contempla os estudantes com renda per capita mensal familiar de at\u00e9 cinco sal\u00e1rios-m\u00ednimos (R$ 4.990).<\/p>\n\n\n\n<p>Al\u00e9m do crit\u00e9rio de renda, os tomadores do financiamento ter\u00e3o que ter nota m\u00ednima de 450 pontos no Enem (Exame Nacional do Ensino M\u00e9dio) e n\u00e3o ter zerado a prova de reda\u00e7\u00e3o.<\/p>\n\n\n\n<p>Quem tiver a maior nota m\u00e9dia do Enem, segundo o Mec, tem mais chance de obter o cr\u00e9dito.<\/p>\n\n\n\n<p>Os selecionados far\u00e3o o contrato de financiamento entre os dias 10 e 12 de julho. Uma lista de espera ser\u00e1 formada entre os dias 15 de junho e 23 de agosto.<\/p>\n\n\n\n<p>O Fies enfrentou neste primeiro semestre a pior taxa de ocupa\u00e7\u00e3o desde 2016, quando o programa passou a registrar um n\u00famero definido de vagas dispon\u00edveis ao cr\u00e9dito.<\/p>\n\n\n\n<p>Das 100 mil vagas ofertadas, apenas 38,7% foram preenchidas, de acordo com o FNDE (\u00f3rg\u00e3o do MEC respons\u00e1vel pela gest\u00e3o do financiamento federal).<\/p>\n\n\n\n<p>PROBLEMAS<\/p>\n\n\n\n<p>Em mar\u00e7o, muitos estudantes tiveram dificuldades para formalizar novos contratos do Fies. O MEC precisou estender o prazo de finaliza\u00e7\u00e3o da tomada de cr\u00e9dito por v\u00e1rias vezes depois de verificar que erros num sistema estavam barrando as novas contrata\u00e7\u00f5es.<\/p>\n\n\n\n<p>A chamada \u00fanica do Fies para o primeiro semestre deste ano saiu em 25 de fevereiro. Os estudantes tiveram entre 26 de fevereiro e 7 de mar\u00e7o para complementar a inscri\u00e7\u00e3o com documentos que atestam que eles preenchem os requisitos do programa federal. Foi nessa etapa que os alunos tiveram problemas.<\/p>\n\n\n\n<p>Reportagem do jornal Folha de S.Paulo mostrou que parte dos alunos ficou impedida de frequentar as aulas, que j\u00e1 haviam come\u00e7ado h\u00e1 mais de um m\u00eas, e at\u00e9 de fazer as provas.<\/p>\n\n\n\n<p>Eles disseram que chegaram a fazer p\u00e9riplos di\u00e1rios por quase um m\u00eas em ag\u00eancias banc\u00e1rias e institui\u00e7\u00f5es de ensino na tentativa de resolver a quest\u00e3o.<\/p>\n\n\n\n<p>O problema ocorreu principalmente na obten\u00e7\u00e3o do Documento de Regularidade de Inscri\u00e7\u00e3o (DRI) ou de Regularidade de Matr\u00edcula (DRM), necess\u00e1rios para a contrata\u00e7\u00e3o ou continuidade do financiamento.<\/p>\n\n\n\n<p>Por falha na transmiss\u00e3o de dados do governo federal, as institui\u00e7\u00f5es de ensino n\u00e3o estavam conseguindo emitir o documento. &#8220;Sempre aparece que o sistema do Fies est\u00e1 fora do ar ou que o documento est\u00e1 sem data ou chave de seguran\u00e7a&#8221;, disse Sandy da Silva, 21, de Cabedelo (PB).<\/p>\n\n\n\n<p>Por meio de nota, o FNDE disse na ocasi\u00e3o que as falhas ou problemas em seus sistemas podem levar o MEC a prorrogar o prazo de conclus\u00e3o da inscri\u00e7\u00e3o para at\u00e9 30 de junho.<br><\/p>\n","protected":false},"excerpt":{"rendered":"<p>O Fies, programa do minist\u00e9rio da Educa\u00e7\u00e3o de financiamento estudantil para cursos de gradua\u00e7\u00e3o em faculdades, institutos e universidades privadas, abriu inscri\u00e7\u00e3o nesta ter\u00e7a-feira (25).&hellip; <\/p>\n","protected":false},"author":1,"featured_media":10992,"comment_status":"closed","ping_status":"closed","sticky":false,"template":"","format":"standard","meta":{"sfsi_plus_gutenberg_text_before_share":"","sfsi_plus_gutenberg_show_text_before_share":"","sfsi_plus_gutenberg_icon_type":"","sfsi_plus_gutenberg_icon_alignemt":"","sfsi_plus_gutenburg_max_per_row":"","footnotes":""},"categories":[50,14],"tags":[],"class_list":["post-102006","post","type-post","status-publish","format-standard","has-post-thumbnail","hentry","category-destaque","category-educacao"],"_links":{"self":[{"href":"https:\/\/www.caririemacao.com\/1\/wp-json\/wp\/v2\/posts\/102006","targetHints":{"allow":["GET"]}}],"collection":[{"href":"https:\/\/www.caririemacao.com\/1\/wp-json\/wp\/v2\/posts"}],"about":[{"href":"https:\/\/www.caririemacao.com\/1\/wp-json\/wp\/v2\/types\/post"}],"author":[{"embeddable":true,"href":"https:\/\/www.caririemacao.com\/1\/wp-json\/wp\/v2\/users\/1"}],"replies":[{"embeddable":true,"href":"https:\/\/www.caririemacao.com\/1\/wp-json\/wp\/v2\/comments?post=102006"}],"version-history":[{"count":1,"href":"https:\/\/www.caririemacao.com\/1\/wp-json\/wp\/v2\/posts\/102006\/revisions"}],"predecessor-version":[{"id":102007,"href":"https:\/\/www.caririemacao.com\/1\/wp-json\/wp\/v2\/posts\/102006\/revisions\/102007"}],"wp:featuredmedia":[{"embeddable":true,"href":"https:\/\/www.caririemacao.com\/1\/wp-json\/wp\/v2\/media\/10992"}],"wp:attachment":[{"href":"https:\/\/www.caririemacao.com\/1\/wp-json\/wp\/v2\/media?parent=102006"}],"wp:term":[{"taxonomy":"category","embeddable":true,"href":"https:\/\/www.caririemacao.com\/1\/wp-json\/wp\/v2\/categories?post=102006"},{"taxonomy":"post_tag","embeddable":true,"href":"https:\/\/www.caririemacao.com\/1\/wp-json\/wp\/v2\/tags?post=102006"}],"curies":[{"name":"wp","href":"https:\/\/api.w.org\/{rel}","templated":true}]}}