{"id":102010,"date":"2019-06-25T13:52:11","date_gmt":"2019-06-25T16:52:11","guid":{"rendered":"http:\/\/www.caririemacao.com\/1\/?p=102010"},"modified":"2019-06-25T13:52:11","modified_gmt":"2019-06-25T16:52:11","slug":"governo-federal-libera-mais-42-agrotoxicos-no-brasil-e-amplia-recorde-desde-a-posse-de-bolsonaro","status":"publish","type":"post","link":"https:\/\/www.caririemacao.com\/1\/2019\/06\/25\/governo-federal-libera-mais-42-agrotoxicos-no-brasil-e-amplia-recorde-desde-a-posse-de-bolsonaro\/","title":{"rendered":"Governo federal libera mais 42 agrot\u00f3xicos no Brasil e amplia recorde desde a posse de Bolsonaro"},"content":{"rendered":"\n<p>O Minist\u00e9rio da Agricultura autorizou a utiliza\u00e7\u00e3o de 42 novos agrot\u00f3xicos no Brasil, ampliando o recorde de pesticidas liberados pelo governo federal neste ano. A decis\u00e3o foi publicada no Di\u00e1rio Oficial da Uni\u00e3o (DOU) nesta segunda-feira (24).<\/p>\n\n\n\n<p>Ao todo, a pasta liberou 239 novos agrot\u00f3xicos no pa\u00eds desde janeiro. Segundo o minist\u00e9rio, boa parte das subst\u00e2ncias segue f\u00f3rmulas que j\u00e1 est\u00e3o no mercado \u2014 apenas uma delas nunca havia sido introduzido no Brasil\u2014, e a medida visa aumentar a concorr\u00eancia.<br><\/p>\n\n\n\n<p>Na lista, h\u00e1 itens que j\u00e1 foram banidos pela Uni\u00e3o Europeia e v\u00e1rios definidos como &#8220;muito perigosos para o meio-ambiente&#8221; pelo pr\u00f3prio governo.&nbsp;&nbsp;<\/p>\n\n\n\n<p>Em abril, a ministra da Agricultura , Tereza Cristina (DEM), atribuiu as libera\u00e7\u00f5es recordistas neste ano a crit\u00e9rios &#8220;t\u00e9cnicos&#8221; que eram barradas em governos anteriores por conta de &#8220;processo ideol\u00f3gico&#8221;.<\/p>\n\n\n\n<p>Oficialmente, a pasta defende a autoriza\u00e7\u00e3o do uso destas novas f\u00f3rmulas para \u201caumentar a concorr\u00eancia e baratear custos\u201d dos agrot\u00f3xicos , enfatizando que os produtos s\u00e3o f\u00f3rmulas \u201cgen\u00e9ricas\u201d de princ\u00edpios ativos j\u00e1 produzidos no Brasil.<\/p>\n\n\n\n<p>A engenheira agr\u00f4noma e porta-voz do Greenpeace, Marina Lac\u00f4rte, diz que a regulamenta\u00e7\u00e3o dos agrot\u00f3xicos autorizados neste ano ignora bases cient\u00edficas:&nbsp;&nbsp;<\/p>\n\n\n\n<p>\u2014 N\u00e3o h\u00e1 produtos novos ou que nunca tinham sido liberados antes, com exce\u00e7\u00e3o de um, mas h\u00e1 muitas combina\u00e7\u00f5es novas, que podem ter efeitos diferentes e que ainda n\u00e3o foram estudadas. A patente \u00e9 quebrada e outras ind\u00fastrias passam a produzir \u2014 explica Lac\u00f4rte. \u2014 H\u00e1, ainda, produtos que ser\u00e3o descontinuidados em breve por serem muito t\u00f3xicos (na avalia\u00e7\u00e3o do governo), mas foram liberados com novas marcas.<br><\/p>\n\n\n\n<p><strong>Sem teste<\/strong><\/p>\n\n\n\n<p>O novo agrot\u00f3xico introduzido no Brasil, segundo a ONG, n\u00e3o foi sequer testado na Uni\u00e3o Europeia, seria muito t\u00f3xico e prejudicial aos animais aqu\u00e1ticos. Chamado de Florpirauxifen-benzil, ele n\u00e3o consta no cadastro da Ag\u00eancia Nacional de Vigil\u00e2ncia Sanit\u00e1ria.<\/p>\n\n\n\n<p>O Greenpeace estima que 30% dos agrot\u00f3xicos liberados desde janeiro j\u00e1 foram vetados no bloco europeu. O crescimento no n\u00famero de produtos no pa\u00eds come\u00e7ou em 2016, mas aumentou consideravelmente desde a posse do novo governo, apoiado pela bancada ruralista.<\/p>\n\n\n\n<p>O governo j\u00e1 atendeu a 440 outros pedidos de registro de agrot\u00f3xicos , que ainda precisam passar por etapas burocr\u00e1ticas at\u00e9 a libera\u00e7\u00e3o.<\/p>\n\n\n\n<p>\u2014 O cliente da Anvisa e do Minist\u00e9rio do Meio Ambiente \u00e9 a sociedade, n\u00e3o as empresas. Claro, elas s\u00e3o tamb\u00e9m parte do processo. Ningu\u00e9m est\u00e1 falando em parar de usar agrot\u00f3xicos da noite para o dia. Isso \u00e9 imposs\u00edvel. Mas estamos pedindo pol\u00edticas p\u00fablicas voltadas para esse problema \u2014 defende a porta-voz da ONG. \u2014 O agroneg\u00f3cio conta com o retorno econ\u00f4mico, tratado com muito orgulho pelo setor, mas deixa de fora a contamina\u00e7\u00e3o de \u00e1gua, que n\u00e3o pode ser mais aproveitada, e a do solo. Isso inviabilizar\u00e1 a produ\u00e7\u00e3o a longo prazo.<\/p>\n\n\n\n<p>Procurados, Anvisa e Minist\u00e9rio do Meio Ambiente n\u00e3o haviam se manifestado at\u00e9 a conclus\u00e3o desta reportagem.<\/p>\n","protected":false},"excerpt":{"rendered":"<p>O Minist\u00e9rio da Agricultura autorizou a utiliza\u00e7\u00e3o de 42 novos agrot\u00f3xicos no Brasil, ampliando o recorde de pesticidas liberados pelo governo federal neste ano. A&hellip; <\/p>\n","protected":false},"author":1,"featured_media":102011,"comment_status":"closed","ping_status":"closed","sticky":false,"template":"","format":"standard","meta":{"sfsi_plus_gutenberg_text_before_share":"","sfsi_plus_gutenberg_show_text_before_share":"","sfsi_plus_gutenberg_icon_type":"","sfsi_plus_gutenberg_icon_alignemt":"","sfsi_plus_gutenburg_max_per_row":"","footnotes":""},"categories":[11],"tags":[],"class_list":["post-102010","post","type-post","status-publish","format-standard","has-post-thumbnail","hentry","category-politica"],"_links":{"self":[{"href":"https:\/\/www.caririemacao.com\/1\/wp-json\/wp\/v2\/posts\/102010","targetHints":{"allow":["GET"]}}],"collection":[{"href":"https:\/\/www.caririemacao.com\/1\/wp-json\/wp\/v2\/posts"}],"about":[{"href":"https:\/\/www.caririemacao.com\/1\/wp-json\/wp\/v2\/types\/post"}],"author":[{"embeddable":true,"href":"https:\/\/www.caririemacao.com\/1\/wp-json\/wp\/v2\/users\/1"}],"replies":[{"embeddable":true,"href":"https:\/\/www.caririemacao.com\/1\/wp-json\/wp\/v2\/comments?post=102010"}],"version-history":[{"count":1,"href":"https:\/\/www.caririemacao.com\/1\/wp-json\/wp\/v2\/posts\/102010\/revisions"}],"predecessor-version":[{"id":102012,"href":"https:\/\/www.caririemacao.com\/1\/wp-json\/wp\/v2\/posts\/102010\/revisions\/102012"}],"wp:featuredmedia":[{"embeddable":true,"href":"https:\/\/www.caririemacao.com\/1\/wp-json\/wp\/v2\/media\/102011"}],"wp:attachment":[{"href":"https:\/\/www.caririemacao.com\/1\/wp-json\/wp\/v2\/media?parent=102010"}],"wp:term":[{"taxonomy":"category","embeddable":true,"href":"https:\/\/www.caririemacao.com\/1\/wp-json\/wp\/v2\/categories?post=102010"},{"taxonomy":"post_tag","embeddable":true,"href":"https:\/\/www.caririemacao.com\/1\/wp-json\/wp\/v2\/tags?post=102010"}],"curies":[{"name":"wp","href":"https:\/\/api.w.org\/{rel}","templated":true}]}}