{"id":102021,"date":"2019-06-25T14:34:16","date_gmt":"2019-06-25T17:34:16","guid":{"rendered":"http:\/\/www.caririemacao.com\/1\/?p=102021"},"modified":"2019-06-25T14:34:16","modified_gmt":"2019-06-25T17:34:16","slug":"no-cariri-bandidos-interceptam-carro-de-funcionario-de-posto-de-combustivel-e-rouba-malote-com-dinheiro","status":"publish","type":"post","link":"https:\/\/www.caririemacao.com\/1\/2019\/06\/25\/no-cariri-bandidos-interceptam-carro-de-funcionario-de-posto-de-combustivel-e-rouba-malote-com-dinheiro\/","title":{"rendered":"No Cariri: bandidos interceptam carro de funcion\u00e1rio de posto de combust\u00edvel e rouba malote com dinheiro"},"content":{"rendered":"\n<p>Um funcion\u00e1rio do Posto Marka, localizado na cidade de Boqueir\u00e3o foi surpreendido por quatro homens armados no trecho da PB-148, entre as cidades de Boqueir\u00e3o e Caturit\u00e9, quando se dirigia para a cidade de Queimadas, com um malote de dinheiro, nesta ter\u00e7a-feira (25).<\/p>\n\n\n\n<p>O major Figueiredo, respons\u00e1vel pela 3\u00aa Companhia da Pol\u00edcia Militar informou que as guarni\u00e7\u00f5es est\u00e3o fazendo buscas pelos suspeitos.<\/p>\n\n\n\n<p>O funcion\u00e1rio do posto informou \u00e0 pol\u00edcia que os criminosos disparam alguns tiros. O funcion\u00e1rio n\u00e3o informou o valor furtado.<\/p>\n\n\n\n<p>Ningu\u00e9m ficou ferido. Mais informa\u00e7\u00f5es, em breve.<\/p>\n\n\n\n<p><strong>Blog do Bruno Lira<\/strong><\/p>\n","protected":false},"excerpt":{"rendered":"<p>Um funcion\u00e1rio do Posto Marka, localizado na cidade de Boqueir\u00e3o foi surpreendido por quatro homens armados no trecho da PB-148, entre as cidades de Boqueir\u00e3o&hellip; <\/p>\n","protected":false},"author":1,"featured_media":38042,"comment_status":"closed","ping_status":"closed","sticky":false,"template":"","format":"standard","meta":{"sfsi_plus_gutenberg_text_before_share":"","sfsi_plus_gutenberg_show_text_before_share":"","sfsi_plus_gutenberg_icon_type":"","sfsi_plus_gutenberg_icon_alignemt":"","sfsi_plus_gutenburg_max_per_row":"","footnotes":""},"categories":[11],"tags":[],"class_list":["post-102021","post","type-post","status-publish","format-standard","has-post-thumbnail","hentry","category-politica"],"_links":{"self":[{"href":"https:\/\/www.caririemacao.com\/1\/wp-json\/wp\/v2\/posts\/102021","targetHints":{"allow":["GET"]}}],"collection":[{"href":"https:\/\/www.caririemacao.com\/1\/wp-json\/wp\/v2\/posts"}],"about":[{"href":"https:\/\/www.caririemacao.com\/1\/wp-json\/wp\/v2\/types\/post"}],"author":[{"embeddable":true,"href":"https:\/\/www.caririemacao.com\/1\/wp-json\/wp\/v2\/users\/1"}],"replies":[{"embeddable":true,"href":"https:\/\/www.caririemacao.com\/1\/wp-json\/wp\/v2\/comments?post=102021"}],"version-history":[{"count":1,"href":"https:\/\/www.caririemacao.com\/1\/wp-json\/wp\/v2\/posts\/102021\/revisions"}],"predecessor-version":[{"id":102022,"href":"https:\/\/www.caririemacao.com\/1\/wp-json\/wp\/v2\/posts\/102021\/revisions\/102022"}],"wp:featuredmedia":[{"embeddable":true,"href":"https:\/\/www.caririemacao.com\/1\/wp-json\/wp\/v2\/media\/38042"}],"wp:attachment":[{"href":"https:\/\/www.caririemacao.com\/1\/wp-json\/wp\/v2\/media?parent=102021"}],"wp:term":[{"taxonomy":"category","embeddable":true,"href":"https:\/\/www.caririemacao.com\/1\/wp-json\/wp\/v2\/categories?post=102021"},{"taxonomy":"post_tag","embeddable":true,"href":"https:\/\/www.caririemacao.com\/1\/wp-json\/wp\/v2\/tags?post=102021"}],"curies":[{"name":"wp","href":"https:\/\/api.w.org\/{rel}","templated":true}]}}