{"id":102036,"date":"2019-06-25T18:49:29","date_gmt":"2019-06-25T21:49:29","guid":{"rendered":"http:\/\/www.caririemacao.com\/1\/?p=102036"},"modified":"2019-06-25T18:49:29","modified_gmt":"2019-06-25T21:49:29","slug":"stf-rejeita-primeiro-pedido-de-liberdade-de-lula","status":"publish","type":"post","link":"https:\/\/www.caririemacao.com\/1\/2019\/06\/25\/stf-rejeita-primeiro-pedido-de-liberdade-de-lula\/","title":{"rendered":"STF rejeita primeiro pedido de liberdade de Lula"},"content":{"rendered":"\n<p>A Segunda Turma do Supremo Tribunal Federal (STF) decidiu hoje (25) negar pedido feito pela defesa de Luiz In\u00e1cio da Silva para soltar o ex-presidente. O caso envolve a condena\u00e7\u00e3o no caso do triplex do Guaruj\u00e1, um dos processos oriundos da Opera\u00e7\u00e3o Lava Jato.<\/p>\n\n\n\n<p>Esta foi a primeira decis\u00e3o de hoje envolvendo o ex-presidente. Em seguida, o colegiado vai julgar outro pedido de habeas corpus.<\/p>\n\n\n\n<p>Por 4 votos a 1, a turma decidiu manter a decis\u00e3o individual do ministro Edson Fachin, relator do caso, que rejeitou o pedido de anula\u00e7\u00e3o do processo e a concess\u00e3o de liberdade ao ex-presidente.<\/p>\n\n\n\n<p>Acompanharam o relator os ministros Gilmar Mendes, Celso de Mello e C\u00e1rmen L\u00facia. Ricardo Lewandowski entendeu que os advogados de Lula n\u00e3o conseguiram apresentar sua defesa corretamente e determinou o julgamento do recurso pelo colegiado do STJ.<\/p>\n\n\n\n<p>No habeas corpus, os advogados alegaram suposta imparcialidade do ent\u00e3o juiz Sergio Moro para julgar o caso do tr\u00edplex do Guaruj\u00e1 e ilegalidades na decis\u00e3o do ministro F\u00e9lix Fischer, do Superior Tribunal de Justi\u00e7a (STJ), que tamb\u00e9m rejeitou o pedido de revis\u00e3o da pena.<\/p>\n\n\n\n<p>Lula est\u00e1 preso desde 7 de abril do ano passado na Superintend\u00eancia da Pol\u00edcia Federal em Curitiba, ap\u00f3s ter sua condena\u00e7\u00e3o confirmada pelo Tribunal Regional Federal 4\u00aa Regi\u00e3o (TRF4), que imp\u00f4s pena de 12 anos e um m\u00eas de pris\u00e3o pelos crimes de corrup\u00e7\u00e3o passiva e lavagem de dinheiro no caso do triplex do Guaruj\u00e1 (SP). Em abril, a pena foi reduzida pelo STJ para oito anos e dez meses de pris\u00e3o.<\/p>\n","protected":false},"excerpt":{"rendered":"<p>A Segunda Turma do Supremo Tribunal Federal (STF) decidiu hoje (25) negar pedido feito pela defesa de Luiz In\u00e1cio da Silva para soltar o ex-presidente.&hellip; <\/p>\n","protected":false},"author":1,"featured_media":30453,"comment_status":"closed","ping_status":"closed","sticky":false,"template":"","format":"standard","meta":{"sfsi_plus_gutenberg_text_before_share":"","sfsi_plus_gutenberg_show_text_before_share":"","sfsi_plus_gutenberg_icon_type":"","sfsi_plus_gutenberg_icon_alignemt":"","sfsi_plus_gutenburg_max_per_row":"","footnotes":""},"categories":[11],"tags":[],"class_list":["post-102036","post","type-post","status-publish","format-standard","has-post-thumbnail","hentry","category-politica"],"_links":{"self":[{"href":"https:\/\/www.caririemacao.com\/1\/wp-json\/wp\/v2\/posts\/102036","targetHints":{"allow":["GET"]}}],"collection":[{"href":"https:\/\/www.caririemacao.com\/1\/wp-json\/wp\/v2\/posts"}],"about":[{"href":"https:\/\/www.caririemacao.com\/1\/wp-json\/wp\/v2\/types\/post"}],"author":[{"embeddable":true,"href":"https:\/\/www.caririemacao.com\/1\/wp-json\/wp\/v2\/users\/1"}],"replies":[{"embeddable":true,"href":"https:\/\/www.caririemacao.com\/1\/wp-json\/wp\/v2\/comments?post=102036"}],"version-history":[{"count":1,"href":"https:\/\/www.caririemacao.com\/1\/wp-json\/wp\/v2\/posts\/102036\/revisions"}],"predecessor-version":[{"id":102037,"href":"https:\/\/www.caririemacao.com\/1\/wp-json\/wp\/v2\/posts\/102036\/revisions\/102037"}],"wp:featuredmedia":[{"embeddable":true,"href":"https:\/\/www.caririemacao.com\/1\/wp-json\/wp\/v2\/media\/30453"}],"wp:attachment":[{"href":"https:\/\/www.caririemacao.com\/1\/wp-json\/wp\/v2\/media?parent=102036"}],"wp:term":[{"taxonomy":"category","embeddable":true,"href":"https:\/\/www.caririemacao.com\/1\/wp-json\/wp\/v2\/categories?post=102036"},{"taxonomy":"post_tag","embeddable":true,"href":"https:\/\/www.caririemacao.com\/1\/wp-json\/wp\/v2\/tags?post=102036"}],"curies":[{"name":"wp","href":"https:\/\/api.w.org\/{rel}","templated":true}]}}