{"id":102041,"date":"2019-06-26T07:17:14","date_gmt":"2019-06-26T10:17:14","guid":{"rendered":"http:\/\/www.caririemacao.com\/1\/?p=102041"},"modified":"2019-06-26T07:17:14","modified_gmt":"2019-06-26T10:17:14","slug":"bolsonaro-veta-lista-triplice-para-agencias-reguladoras","status":"publish","type":"post","link":"https:\/\/www.caririemacao.com\/1\/2019\/06\/26\/bolsonaro-veta-lista-triplice-para-agencias-reguladoras\/","title":{"rendered":"Bolsonaro veta lista tr\u00edplice para ag\u00eancias reguladoras"},"content":{"rendered":"\n<p>O presidente Jair Bolsonaro sancionou, nesta ter\u00e7a-feira (25), a Lei Geral das Ag\u00eancias Reguladoras, que trata da indica\u00e7\u00e3o de dirigentes das autarquias, mas vetou um dos principais dispositivos da nova norma, que prev\u00ea a elabora\u00e7\u00e3o de lista tr\u00edplice para a escolha de novos conselheiros, diretores e presidentes desses \u00f3rg\u00e3os. O texto sancionado ser\u00e1 publicado na edi\u00e7\u00e3o desta quarta-feira (26) do Di\u00e1rio Oficial da Uni\u00e3o.&nbsp;&nbsp;<\/p>\n\n\n\n<p>Segundo o Pal\u00e1cio do Planalto, o Artigo 42 da lei aprovada no Congresso Nacional, que tata da sele\u00e7\u00e3o p\u00fablica e forma\u00e7\u00e3o de lista tr\u00edplice para a indica\u00e7\u00e3o de dirigentes de ag\u00eancias, \u00e9 uma medida que restringe a compet\u00eancia do presidente da Rep\u00fablica na indica\u00e7\u00e3o desses dirigentes. Ontem (24), o pr\u00f3prio presidente Jair Bolsonaro havia antecipado que vetaria esse trecho da lei.&nbsp;<\/p>\n\n\n\n<p>\u201cAs ag\u00eancias t\u00eam um poder muito grande, e essa prerrogativa de o presidente [da Rep\u00fablica] indicar o presidente [da ag\u00eancia] \u00e9 importante porque n\u00f3s teremos algum poder de influ\u00eancia nessas ag\u00eancias\u201d, argumentou.<\/p>\n\n\n\n<p>O projeto, de autoria do ent\u00e3o senador Eun\u00edcio Oliveira (MDB-CE), tramitava h\u00e1 oito anos. A mat\u00e9ria passou pelo Senado, foi para a C\u00e2mara e, ao voltar ao Senado, sofreu altera\u00e7\u00f5es. Coube aos senadores garantir a proibi\u00e7\u00e3o de indica\u00e7\u00f5es pol\u00edticas nas ag\u00eancias. Conforme o texto enviado para san\u00e7\u00e3o, os indicados para ocupar cargos precisar\u00e3o ter ficha limpa, n\u00e3o poder\u00e3o ter cargos eletivos, nem ser parente de pol\u00edticos.<\/p>\n\n\n\n<p>Entre os principais pontos da futura Lei, est\u00e1 a padroniza\u00e7\u00e3o de aspectos administrativos e de gest\u00e3o, com uniformiza\u00e7\u00e3o do n\u00famero de diretores das ag\u00eancias reguladoras, prazos de mandato e veda\u00e7\u00e3o de recondu\u00e7\u00e3o. Al\u00e9m disso, a lei cria requisitos t\u00e9cnicos para ocupa\u00e7\u00e3o dos cargos.&nbsp;<\/p>\n\n\n\n<p>O texto estabelece obriga\u00e7\u00f5es \u00e0s ag\u00eancias, tais como a cria\u00e7\u00e3o de ouvidorias, apresenta\u00e7\u00e3o de planos estrat\u00e9gico e de gest\u00e3o e agenda regulat\u00f3ria, refor\u00e7a a compet\u00eancia das ag\u00eancias para firmarem termos de ajustamento de conduta (TACs) e permite descentraliza\u00e7\u00e3o das compet\u00eancias de fiscaliza\u00e7\u00e3o e aplica\u00e7\u00e3o de san\u00e7\u00f5es, para ag\u00eancias estaduais, municipais ou outros \u00f3rg\u00e3os regulat\u00f3rios.<\/p>\n\n\n\n<p>Outros vetos<br>Al\u00e9m do veto \u00e0 forma\u00e7\u00e3o de l\u00edsta tr\u00edplice, Bolsonaro vetou mais quatro pontos da lei, entre os quais o dispositivo que previa o comparecimento anual obrigat\u00f3rio de diretores de ag\u00eancias ao Senado Federal, para presta\u00e7\u00e3o de contas, e o trecho que imp\u00f5e ao eventual indicado para dirigir ag\u00eancia que observe quarentena de 12 meses sem v\u00ednculo com pessoas jur\u00eddicas. Para o governo, esse ponto &#8220;cria veda\u00e7\u00e3o excessiva e desnecess\u00e1ria&#8221;.&nbsp;<\/p>\n\n\n\n<p>&#8220;Ademais, as limita\u00e7\u00f5es impostas nos dispositivos vetados s\u00e3o repetidas nas veda\u00e7\u00f5es aos dirigentes j\u00e1 nomeados (Art. 8\u00ba-B), de modo que o veto n\u00e3o traz preju\u00edzo \u00e0 observ\u00e2ncia das limita\u00e7\u00f5es postas. Veta-se, portanto, por contrariedade ao interesse p\u00fablico&#8221;, informou o Planalto.<\/p>\n\n\n\n<h1 class=\"wp-block-heading\">COMPARTILHE:<\/h1>\n","protected":false},"excerpt":{"rendered":"<p>O presidente Jair Bolsonaro sancionou, nesta ter\u00e7a-feira (25), a Lei Geral das Ag\u00eancias Reguladoras, que trata da indica\u00e7\u00e3o de dirigentes das autarquias, mas vetou um&hellip; <\/p>\n","protected":false},"author":1,"featured_media":102042,"comment_status":"closed","ping_status":"closed","sticky":false,"template":"","format":"standard","meta":{"sfsi_plus_gutenberg_text_before_share":"","sfsi_plus_gutenberg_show_text_before_share":"","sfsi_plus_gutenberg_icon_type":"","sfsi_plus_gutenberg_icon_alignemt":"","sfsi_plus_gutenburg_max_per_row":"","footnotes":""},"categories":[11],"tags":[],"class_list":["post-102041","post","type-post","status-publish","format-standard","has-post-thumbnail","hentry","category-politica"],"_links":{"self":[{"href":"https:\/\/www.caririemacao.com\/1\/wp-json\/wp\/v2\/posts\/102041","targetHints":{"allow":["GET"]}}],"collection":[{"href":"https:\/\/www.caririemacao.com\/1\/wp-json\/wp\/v2\/posts"}],"about":[{"href":"https:\/\/www.caririemacao.com\/1\/wp-json\/wp\/v2\/types\/post"}],"author":[{"embeddable":true,"href":"https:\/\/www.caririemacao.com\/1\/wp-json\/wp\/v2\/users\/1"}],"replies":[{"embeddable":true,"href":"https:\/\/www.caririemacao.com\/1\/wp-json\/wp\/v2\/comments?post=102041"}],"version-history":[{"count":1,"href":"https:\/\/www.caririemacao.com\/1\/wp-json\/wp\/v2\/posts\/102041\/revisions"}],"predecessor-version":[{"id":102043,"href":"https:\/\/www.caririemacao.com\/1\/wp-json\/wp\/v2\/posts\/102041\/revisions\/102043"}],"wp:featuredmedia":[{"embeddable":true,"href":"https:\/\/www.caririemacao.com\/1\/wp-json\/wp\/v2\/media\/102042"}],"wp:attachment":[{"href":"https:\/\/www.caririemacao.com\/1\/wp-json\/wp\/v2\/media?parent=102041"}],"wp:term":[{"taxonomy":"category","embeddable":true,"href":"https:\/\/www.caririemacao.com\/1\/wp-json\/wp\/v2\/categories?post=102041"},{"taxonomy":"post_tag","embeddable":true,"href":"https:\/\/www.caririemacao.com\/1\/wp-json\/wp\/v2\/tags?post=102041"}],"curies":[{"name":"wp","href":"https:\/\/api.w.org\/{rel}","templated":true}]}}