{"id":102046,"date":"2019-06-26T07:19:30","date_gmt":"2019-06-26T10:19:30","guid":{"rendered":"http:\/\/www.caririemacao.com\/1\/?p=102046"},"modified":"2019-06-26T07:19:30","modified_gmt":"2019-06-26T10:19:30","slug":"congresso-e-governo-se-aliam-para-domar-psl-e-barrar-alteracoes-bomba-na-reforma","status":"publish","type":"post","link":"https:\/\/www.caririemacao.com\/1\/2019\/06\/26\/congresso-e-governo-se-aliam-para-domar-psl-e-barrar-alteracoes-bomba-na-reforma\/","title":{"rendered":"Congresso e governo se aliam para domar PSL e barrar altera\u00e7\u00f5es-bomba na reforma"},"content":{"rendered":"\n<p>L\u00edderes da C\u00e2mara amea\u00e7am adiar a vota\u00e7\u00e3o da reforma da Previd\u00eancia caso o PSL, partido do presidente Jair Bolsonaro, insista em buscar regras mais ben\u00e9ficas para profissionais da seguran\u00e7a p\u00fablica.<\/p>\n\n\n\n<p>Ligada a corpora\u00e7\u00f5es, a bancada do PSL quer mudan\u00e7as para agradar sua base eleitoral.<\/p>\n\n\n\n<p>Diante do impasse, o l\u00edder do governo na C\u00e2mara, Major Vitor Hugo (PSL-GO), se reuniu, nesta ter\u00e7a-feira (25), com o l\u00edder do PSL, deputado Delegado Waldir (GO), mas a sigla informou que pretende propor altera\u00e7\u00f5es ao texto para aliviar regras para a categoria.<\/p>\n\n\n\n<p>A bancada da bala, que inclui deputados do PSL, defende uma transi\u00e7\u00e3o mais suave para policiais federais, rodovi\u00e1rios, civis, agentes penitenci\u00e1rios e socioeducativos e seguran\u00e7as do Legislativo, cuja idade m\u00ednima, segundo a proposta de reforma, passaria para 55 anos &#8211; bem abaixo dos 65 anos, se homem, e 62 anos, se mulher, para trabalhadores da iniciativa privada.<\/p>\n\n\n\n<p>&#8220;Acho que o partido do governo; isso eu aprendi desde cedo na pol\u00edtica. Em vota\u00e7\u00f5es como essa [da reforma da Previd\u00eancia], se o governo for olhar a plateia e n\u00e3o olhar o placar, acaba perdendo tudo&#8221;, afirmou Maia.<\/p>\n\n\n\n<p>Para o presidente da C\u00e2mara, a regra de transi\u00e7\u00e3o para policiais proposta \u00e9 bem justa.<br>Mesmo assim, a categoria pressiona para ter benef\u00edcios como os militares, cuja transi\u00e7\u00e3o \u00e9 mais suave e que devem manter benef\u00edcios como a aposentadoria com valor integral do sal\u00e1rio.<\/p>\n\n\n\n<p>A equipe econ\u00f4mica explicou \u00e0s associa\u00e7\u00f5es de policiais que tamb\u00e9m h\u00e1 \u00f4nus no modelo para militares, como o tempo m\u00ednimo de servi\u00e7o de 35 anos &#8211; maior que os 30 anos, se homem, e 25 anos, se mulher, para a categoria policial.<\/p>\n\n\n\n<p>A reforma da Previd\u00eancia deve ser votada at\u00e9 a pr\u00f3xima semana na comiss\u00e3o especial da C\u00e2mara.<\/p>\n\n\n\n<p>A tend\u00eancia \u00e9 favor\u00e1vel \u00e0 aprova\u00e7\u00e3o do relat\u00f3rio do deputado Samuel Moreira (PSDB-SP), que trabalha numa nova vers\u00e3o do parecer.<\/p>\n\n\n\n<p>No entanto, partidos pol\u00edticos podem apresentar destaques &#8211; instrumentos para que temas espec\u00edficos sejam votados separadamente.<\/p>\n\n\n\n<p>O PSL tem direito a tr\u00eas destaques. A bancada avalia usar um deles para tentar beneficiar o setor de seguran\u00e7a p\u00fablica e deixar outros dois para tentar restaurar trechos da reforma do ministro Paulo Guedes (Economia) e que ca\u00edram durante a tramita\u00e7\u00e3o no Congresso.<\/p>\n\n\n\n<p>A posi\u00e7\u00e3o do partido de Bolsonaro causou um mal-estar na C\u00e2mara, pois alguns l\u00edderes querem que interlocutores do governo consigam fazer o PSL mudar de ideia.<br>Esse \u00e9 um dos motivos para um poss\u00edvel adiamento da vota\u00e7\u00e3o da reforma, que seria, segundo proje\u00e7\u00e3o de Maia, at\u00e9 quinta (27) na comiss\u00e3o especial.<\/p>\n\n\n\n<p>Maia n\u00e3o garante, agora, esse calend\u00e1rio. Oficialmente, ele disse que alguns governadores devem estar em Bras\u00edlia nesta semana e, por isso, quer tentar -mais uma vez- um acordo com partidos para que a reforma da Previd\u00eancia tenha efeito para estados e munic\u00edpios.<\/p>\n\n\n\n<p>&#8220;Nessa reta final, um dia, dois dias n\u00e3o faz diferen\u00e7a. Mas deixar os governadores fora far\u00e1 uma diferen\u00e7a brutal nos pr\u00f3ximos dez anos. O ideal \u00e9 votar nessa semana ou, no m\u00e1ximo, na pr\u00f3xima ter\u00e7a-feira (2)&#8221;, declarou o presidente da C\u00e2mara.<\/p>\n\n\n\n<p>Maia acredita que atualmente h\u00e1 cerca de 320 votos pela proposta de reforma da Previd\u00eancia, mas ele espera aumentar esse apoio para ter uma margem maior na hora da vota\u00e7\u00e3o. S\u00e3o necess\u00e1rios 308 votos no plen\u00e1rio.<\/p>\n\n\n\n<p>Al\u00e9m da irrita\u00e7\u00e3o com o PSL, l\u00edderes do centr\u00e3o -grupo de partidos independentes e que representam a maioria da C\u00e2mara- pressionam o relator por mais altera\u00e7\u00f5es na proposta da reforma, como a exclus\u00e3o da mudan\u00e7a proposta pelo governo na f\u00f3rmula de c\u00e1lculo da aposentadoria que poderia diminuir o valor do benef\u00edcio.<\/p>\n\n\n\n<p>Atualmente, os 20% menores sal\u00e1rios s\u00e3o desprezados na hora de computar a aposentadoria. Essa regra beneficia os trabalhadores.<\/p>\n\n\n\n<p>Bolsonaro prop\u00f4s que, para calcular a aposentadoria, sejam consideradas todas as contribui\u00e7\u00f5es previdenci\u00e1rias. Isso reduziria o valor do benef\u00edcio.<\/p>\n\n\n\n<p>Moreira chegou a considerar excluir esse trecho da proposta do governo, mas recuou, porque a medida tem peso importante na economia de R$ 1,13 trilh\u00e3o em dez anos prevista com a reforma.<\/p>\n\n\n\n<p>Centrais sindicais t\u00eam articulado com partidos de centro para que a f\u00f3rmula de c\u00e1lculo continue descartando as menores contribui\u00e7\u00f5es.<\/p>\n\n\n\n<p>Al\u00e9m disso, bancadas de diferentes partidos pressionam o relator a mudar as regras propostas para pol\u00edticos se aposentarem.<\/p>\n\n\n\n<p>Ap\u00f3s reuni\u00e3o com o relator da reforma da Previd\u00eancia, o l\u00edder da maioria na C\u00e2mara, Aguinaldo Ribeiro (PP-PB), disse que a vota\u00e7\u00e3o da proposta na comiss\u00e3o especial pode ficar para a pr\u00f3xima semana.<\/p>\n\n\n\n<p>&#8220;Eu acho que \u00e9 muito mais tranquilo para n\u00f3s, n\u00f3s aprovarmos um texto na comiss\u00e3o [especial] que j\u00e1 esteja em consenso com todas as lideran\u00e7as partid\u00e1rias&#8221;, disse Ribeiro.<\/p>\n","protected":false},"excerpt":{"rendered":"<p>L\u00edderes da C\u00e2mara amea\u00e7am adiar a vota\u00e7\u00e3o da reforma da Previd\u00eancia caso o PSL, partido do presidente Jair Bolsonaro, insista em buscar regras mais ben\u00e9ficas&hellip; <\/p>\n","protected":false},"author":1,"featured_media":83964,"comment_status":"closed","ping_status":"closed","sticky":false,"template":"","format":"standard","meta":{"sfsi_plus_gutenberg_text_before_share":"","sfsi_plus_gutenberg_show_text_before_share":"","sfsi_plus_gutenberg_icon_type":"","sfsi_plus_gutenberg_icon_alignemt":"","sfsi_plus_gutenburg_max_per_row":"","footnotes":""},"categories":[11],"tags":[],"class_list":["post-102046","post","type-post","status-publish","format-standard","has-post-thumbnail","hentry","category-politica"],"_links":{"self":[{"href":"https:\/\/www.caririemacao.com\/1\/wp-json\/wp\/v2\/posts\/102046","targetHints":{"allow":["GET"]}}],"collection":[{"href":"https:\/\/www.caririemacao.com\/1\/wp-json\/wp\/v2\/posts"}],"about":[{"href":"https:\/\/www.caririemacao.com\/1\/wp-json\/wp\/v2\/types\/post"}],"author":[{"embeddable":true,"href":"https:\/\/www.caririemacao.com\/1\/wp-json\/wp\/v2\/users\/1"}],"replies":[{"embeddable":true,"href":"https:\/\/www.caririemacao.com\/1\/wp-json\/wp\/v2\/comments?post=102046"}],"version-history":[{"count":1,"href":"https:\/\/www.caririemacao.com\/1\/wp-json\/wp\/v2\/posts\/102046\/revisions"}],"predecessor-version":[{"id":102047,"href":"https:\/\/www.caririemacao.com\/1\/wp-json\/wp\/v2\/posts\/102046\/revisions\/102047"}],"wp:featuredmedia":[{"embeddable":true,"href":"https:\/\/www.caririemacao.com\/1\/wp-json\/wp\/v2\/media\/83964"}],"wp:attachment":[{"href":"https:\/\/www.caririemacao.com\/1\/wp-json\/wp\/v2\/media?parent=102046"}],"wp:term":[{"taxonomy":"category","embeddable":true,"href":"https:\/\/www.caririemacao.com\/1\/wp-json\/wp\/v2\/categories?post=102046"},{"taxonomy":"post_tag","embeddable":true,"href":"https:\/\/www.caririemacao.com\/1\/wp-json\/wp\/v2\/tags?post=102046"}],"curies":[{"name":"wp","href":"https:\/\/api.w.org\/{rel}","templated":true}]}}