{"id":102050,"date":"2019-06-26T07:22:25","date_gmt":"2019-06-26T10:22:25","guid":{"rendered":"http:\/\/www.caririemacao.com\/1\/?p=102050"},"modified":"2019-06-26T07:22:25","modified_gmt":"2019-06-26T10:22:25","slug":"militar-brasileiro-e-preso-na-espanha-por-porte-de-drogas-em-aviao-da-fab","status":"publish","type":"post","link":"https:\/\/www.caririemacao.com\/1\/2019\/06\/26\/militar-brasileiro-e-preso-na-espanha-por-porte-de-drogas-em-aviao-da-fab\/","title":{"rendered":"Militar brasileiro \u00e9 preso na Espanha por porte de drogas em avi\u00e3o da FAB"},"content":{"rendered":"\n<p>O presidente Jair Bolsonaro publicou nota em&nbsp;<a href=\"https:\/\/twitter.com\/jairbolsonaro\/status\/1143634937125494784?ref_src=twsrc%5Etfw%7Ctwcamp%5Etweetembed%7Ctwterm%5E1143634937125494784&amp;ref_url=http%3A%2F%2Fagenciabrasil.ebc.com.br%2Fpolitica%2Fnoticia%2F2019-06%2Fmilitar-brasileiro-e-preso-na-espanha-por-porte-de-drogas\">sua conta oficial no Twitter hoje<\/a>&nbsp;(25) confirmando a pris\u00e3o de um militar brasileiro no aeroporto de Sevilha, na Espanha, suspeito de transportar entorpecentes. O nome do militar, que pertence \u00e0 Aeron\u00e1utica, n\u00e3o foi informado. Segundo informa\u00e7\u00f5es do Comando da Aeron\u00e1utica, ele estava em uma aeronave da For\u00e7a A\u00e9rea Brasileira (FAB).&nbsp;<\/p>\n\n\n\n<p>&#8220;Determinei ao ministro da Defesa imediata colabora\u00e7\u00e3o com a pol\u00edcia espanhola na pronta investiga\u00e7\u00e3o dos fatos, cooperando em todas as fases da investiga\u00e7\u00e3o, bem como instaura\u00e7\u00e3o de inqu\u00e9rito policial militar&#8221;, escreveu Bolsonaro.&nbsp;<\/p>\n\n\n\n<figure class=\"wp-block-image\"><img decoding=\"async\" src=\"https:\/\/www.clickpb.com.br\/media\/filer_public\/80\/67\/806730cc-a78b-4af2-94b2-52500745ad07\/blob\" alt=\"\"\/><\/figure>\n\n\n\n<p>Mais cedo, o Minist\u00e9rio da Defesa tamb\u00e9m emitiu nota informando o epis\u00f3dio e destacando que os fatos seguem sendo apurados. A pasta tamb\u00e9m disse que um inqu\u00e9rito sobre o caso j\u00e1 foi instaurado e que repudia &#8220;atos dessa natureza&#8221;. Ainda n\u00e3o h\u00e1 detalhes sobre o tipo e quantidade de entorpecentes encontradas com o militar. O governo tamb\u00e9m n\u00e3o informou ainda que tipo de miss\u00e3o oficial o suspeito cumpria no pa\u00eds europeu.&nbsp;&nbsp;<\/p>\n\n\n\n<p>&#8220;As For\u00e7as Armadas t\u00eam em seu contingente cerca de 300 mil homens e mulheres formados nos mais \u00edntegros princ\u00edpios da \u00e9tica e da moralidade. Caso seja comprovado o envolvimento do militar nesse crime, o mesmo ser\u00e1 julgado e condenado na forma da lei&#8221;, acrescentou o presidente na postagem.&nbsp;<\/p>\n","protected":false},"excerpt":{"rendered":"<p>O presidente Jair Bolsonaro publicou nota em&nbsp;sua conta oficial no Twitter hoje&nbsp;(25) confirmando a pris\u00e3o de um militar brasileiro no aeroporto de Sevilha, na Espanha,&hellip; <\/p>\n","protected":false},"author":1,"featured_media":11410,"comment_status":"closed","ping_status":"closed","sticky":false,"template":"","format":"standard","meta":{"sfsi_plus_gutenberg_text_before_share":"","sfsi_plus_gutenberg_show_text_before_share":"","sfsi_plus_gutenberg_icon_type":"","sfsi_plus_gutenberg_icon_alignemt":"","sfsi_plus_gutenburg_max_per_row":"","footnotes":""},"categories":[12],"tags":[],"class_list":["post-102050","post","type-post","status-publish","format-standard","has-post-thumbnail","hentry","category-policia"],"_links":{"self":[{"href":"https:\/\/www.caririemacao.com\/1\/wp-json\/wp\/v2\/posts\/102050","targetHints":{"allow":["GET"]}}],"collection":[{"href":"https:\/\/www.caririemacao.com\/1\/wp-json\/wp\/v2\/posts"}],"about":[{"href":"https:\/\/www.caririemacao.com\/1\/wp-json\/wp\/v2\/types\/post"}],"author":[{"embeddable":true,"href":"https:\/\/www.caririemacao.com\/1\/wp-json\/wp\/v2\/users\/1"}],"replies":[{"embeddable":true,"href":"https:\/\/www.caririemacao.com\/1\/wp-json\/wp\/v2\/comments?post=102050"}],"version-history":[{"count":1,"href":"https:\/\/www.caririemacao.com\/1\/wp-json\/wp\/v2\/posts\/102050\/revisions"}],"predecessor-version":[{"id":102051,"href":"https:\/\/www.caririemacao.com\/1\/wp-json\/wp\/v2\/posts\/102050\/revisions\/102051"}],"wp:featuredmedia":[{"embeddable":true,"href":"https:\/\/www.caririemacao.com\/1\/wp-json\/wp\/v2\/media\/11410"}],"wp:attachment":[{"href":"https:\/\/www.caririemacao.com\/1\/wp-json\/wp\/v2\/media?parent=102050"}],"wp:term":[{"taxonomy":"category","embeddable":true,"href":"https:\/\/www.caririemacao.com\/1\/wp-json\/wp\/v2\/categories?post=102050"},{"taxonomy":"post_tag","embeddable":true,"href":"https:\/\/www.caririemacao.com\/1\/wp-json\/wp\/v2\/tags?post=102050"}],"curies":[{"name":"wp","href":"https:\/\/api.w.org\/{rel}","templated":true}]}}