{"id":102054,"date":"2019-06-26T07:24:43","date_gmt":"2019-06-26T10:24:43","guid":{"rendered":"http:\/\/www.caririemacao.com\/1\/?p=102054"},"modified":"2019-06-26T07:24:43","modified_gmt":"2019-06-26T10:24:43","slug":"ufcg-oferta-vaga-para-professor-substituto-de-comunicacao-social","status":"publish","type":"post","link":"https:\/\/www.caririemacao.com\/1\/2019\/06\/26\/ufcg-oferta-vaga-para-professor-substituto-de-comunicacao-social\/","title":{"rendered":"UFCG oferta vaga para professor substituto de Comunica\u00e7\u00e3o Social"},"content":{"rendered":"\n<p>A Universidade Federal de Campina Grande (UFCG) vai contratar professor substituto de Comunica\u00e7\u00e3o Social. As inscri\u00e7\u00f5es do Processo Seletivo Simplificado (PSS) ser\u00e3o realizadas de 8 a 12 de julho.<\/p>\n\n\n\n<p>A exig\u00eancia aos candidatos \u00e9 de conhecimento em Jornalismo Digital. A carga hor\u00e1ria \u00e9 de 40 horas semanais.<\/p>\n\n\n\n<p><a href=\"https:\/\/www.clickpb.com.br\/media\/filer_public\/21\/25\/2125856c-ef17-422c-84e4-d30c70da6db1\/edital_comunicacao_social_professor_ufcg.pdf\">Confira aviso de edital da vaga para professor de Comunica\u00e7\u00e3o Social da UFCG<\/a><\/p>\n\n\n\n<p>Os interessados devem realizar a inscri\u00e7\u00e3o no Protocolo Geral, localizado no pr\u00e9dio da Reitoria, das 8h \u00e0s 12h e das 14h \u00e0s 18h. A taxa de inscri\u00e7\u00e3o custa R$ 50.<\/p>\n\n\n\n<p>N\u00e3o havendo candidatos inscritos ou inscri\u00e7\u00f5es homologadas, o certame ser\u00e1 reaberto no per\u00edodo de 17 a 22 de julho para candidatos com mestrado.<\/p>\n","protected":false},"excerpt":{"rendered":"<p>A Universidade Federal de Campina Grande (UFCG) vai contratar professor substituto de Comunica\u00e7\u00e3o Social. As inscri\u00e7\u00f5es do Processo Seletivo Simplificado (PSS) ser\u00e3o realizadas de 8&hellip; <\/p>\n","protected":false},"author":1,"featured_media":102055,"comment_status":"closed","ping_status":"closed","sticky":false,"template":"","format":"standard","meta":{"sfsi_plus_gutenberg_text_before_share":"","sfsi_plus_gutenberg_show_text_before_share":"","sfsi_plus_gutenberg_icon_type":"","sfsi_plus_gutenberg_icon_alignemt":"","sfsi_plus_gutenburg_max_per_row":"","footnotes":""},"categories":[14],"tags":[],"class_list":["post-102054","post","type-post","status-publish","format-standard","has-post-thumbnail","hentry","category-educacao"],"_links":{"self":[{"href":"https:\/\/www.caririemacao.com\/1\/wp-json\/wp\/v2\/posts\/102054","targetHints":{"allow":["GET"]}}],"collection":[{"href":"https:\/\/www.caririemacao.com\/1\/wp-json\/wp\/v2\/posts"}],"about":[{"href":"https:\/\/www.caririemacao.com\/1\/wp-json\/wp\/v2\/types\/post"}],"author":[{"embeddable":true,"href":"https:\/\/www.caririemacao.com\/1\/wp-json\/wp\/v2\/users\/1"}],"replies":[{"embeddable":true,"href":"https:\/\/www.caririemacao.com\/1\/wp-json\/wp\/v2\/comments?post=102054"}],"version-history":[{"count":1,"href":"https:\/\/www.caririemacao.com\/1\/wp-json\/wp\/v2\/posts\/102054\/revisions"}],"predecessor-version":[{"id":102056,"href":"https:\/\/www.caririemacao.com\/1\/wp-json\/wp\/v2\/posts\/102054\/revisions\/102056"}],"wp:featuredmedia":[{"embeddable":true,"href":"https:\/\/www.caririemacao.com\/1\/wp-json\/wp\/v2\/media\/102055"}],"wp:attachment":[{"href":"https:\/\/www.caririemacao.com\/1\/wp-json\/wp\/v2\/media?parent=102054"}],"wp:term":[{"taxonomy":"category","embeddable":true,"href":"https:\/\/www.caririemacao.com\/1\/wp-json\/wp\/v2\/categories?post=102054"},{"taxonomy":"post_tag","embeddable":true,"href":"https:\/\/www.caririemacao.com\/1\/wp-json\/wp\/v2\/tags?post=102054"}],"curies":[{"name":"wp","href":"https:\/\/api.w.org\/{rel}","templated":true}]}}