{"id":102059,"date":"2019-06-26T07:26:42","date_gmt":"2019-06-26T10:26:42","guid":{"rendered":"http:\/\/www.caririemacao.com\/1\/?p=102059"},"modified":"2019-06-26T07:26:42","modified_gmt":"2019-06-26T10:26:42","slug":"bolsonaro-revoga-decreto-de-armas","status":"publish","type":"post","link":"https:\/\/www.caririemacao.com\/1\/2019\/06\/26\/bolsonaro-revoga-decreto-de-armas\/","title":{"rendered":"Bolsonaro revoga decreto de armas"},"content":{"rendered":"\n<p>O presidente Jair Bolsonaro revogou nesta ter\u00e7a-feira, 25, o decreto de armas e publicar\u00e1, em edi\u00e7\u00e3o extra do Di\u00e1rio Oficial, novos atos sobre o tema. O presidente da C\u00e2mara, Rodrigo Maia, afirmou que o governo compreendeu que o melhor caminho \u00e9 encaminhar um projeto de lei sobre a flexibiliza\u00e7\u00e3o do porte e da posse de armas.<\/p>\n\n\n\n<p>Mais cedo, o porta-voz da Presid\u00eancia da Rep\u00fablica, Ot\u00e1vio R\u00eago Barros, havia afirmado que Bolsonaro n\u00e3o iria revogar o decreto de armas contestado no Congresso nem colocaria &#8220;empecilho&#8221; para que os parlamentares votem a quest\u00e3o.<\/p>\n\n\n\n<p>&#8220;O governo n\u00e3o revogar\u00e1, n\u00e3o colocar\u00e1 nenhum empecilho para que a vota\u00e7\u00e3o ocorra no Congresso Nacional&#8221;, disse, ao ser questionado sobre a possibilidade de o texto ser revogado para que fosse editado um outro decreto espec\u00edfico para colecionadores, atiradores desportivos e ca\u00e7adores (CACs).<\/p>\n\n\n\n<p>Nesta segunda, 24, o presidente da C\u00e2mara dos Deputados, Rodrigo Maia (DEM-RJ), afirmou que a C\u00e2mara votaria nesta semana o projeto de decreto legislativo que derrubaria os decretos de posse e porte de armas editados por Bolsonaro. De acordo com Maia, os deputados seguiriam a mesma decis\u00e3o do Senado e aprovaria a derrubada.<\/p>\n","protected":false},"excerpt":{"rendered":"<p>O presidente Jair Bolsonaro revogou nesta ter\u00e7a-feira, 25, o decreto de armas e publicar\u00e1, em edi\u00e7\u00e3o extra do Di\u00e1rio Oficial, novos atos sobre o tema.&hellip; <\/p>\n","protected":false},"author":1,"featured_media":102060,"comment_status":"closed","ping_status":"closed","sticky":false,"template":"","format":"standard","meta":{"sfsi_plus_gutenberg_text_before_share":"","sfsi_plus_gutenberg_show_text_before_share":"","sfsi_plus_gutenberg_icon_type":"","sfsi_plus_gutenberg_icon_alignemt":"","sfsi_plus_gutenburg_max_per_row":"","footnotes":""},"categories":[11],"tags":[],"class_list":["post-102059","post","type-post","status-publish","format-standard","has-post-thumbnail","hentry","category-politica"],"_links":{"self":[{"href":"https:\/\/www.caririemacao.com\/1\/wp-json\/wp\/v2\/posts\/102059","targetHints":{"allow":["GET"]}}],"collection":[{"href":"https:\/\/www.caririemacao.com\/1\/wp-json\/wp\/v2\/posts"}],"about":[{"href":"https:\/\/www.caririemacao.com\/1\/wp-json\/wp\/v2\/types\/post"}],"author":[{"embeddable":true,"href":"https:\/\/www.caririemacao.com\/1\/wp-json\/wp\/v2\/users\/1"}],"replies":[{"embeddable":true,"href":"https:\/\/www.caririemacao.com\/1\/wp-json\/wp\/v2\/comments?post=102059"}],"version-history":[{"count":1,"href":"https:\/\/www.caririemacao.com\/1\/wp-json\/wp\/v2\/posts\/102059\/revisions"}],"predecessor-version":[{"id":102061,"href":"https:\/\/www.caririemacao.com\/1\/wp-json\/wp\/v2\/posts\/102059\/revisions\/102061"}],"wp:featuredmedia":[{"embeddable":true,"href":"https:\/\/www.caririemacao.com\/1\/wp-json\/wp\/v2\/media\/102060"}],"wp:attachment":[{"href":"https:\/\/www.caririemacao.com\/1\/wp-json\/wp\/v2\/media?parent=102059"}],"wp:term":[{"taxonomy":"category","embeddable":true,"href":"https:\/\/www.caririemacao.com\/1\/wp-json\/wp\/v2\/categories?post=102059"},{"taxonomy":"post_tag","embeddable":true,"href":"https:\/\/www.caririemacao.com\/1\/wp-json\/wp\/v2\/tags?post=102059"}],"curies":[{"name":"wp","href":"https:\/\/api.w.org\/{rel}","templated":true}]}}