{"id":102063,"date":"2019-06-26T07:33:48","date_gmt":"2019-06-26T10:33:48","guid":{"rendered":"http:\/\/www.caririemacao.com\/1\/?p=102063"},"modified":"2019-06-26T07:33:48","modified_gmt":"2019-06-26T10:33:48","slug":"pagamento-de-junho-dos-servidores-estaduais-comeca-quinta-feira","status":"publish","type":"post","link":"https:\/\/www.caririemacao.com\/1\/2019\/06\/26\/pagamento-de-junho-dos-servidores-estaduais-comeca-quinta-feira\/","title":{"rendered":"Pagamento de junho dos servidores estaduais come\u00e7a quinta-feira"},"content":{"rendered":"\n<p>O pagamento dos servidores estaduais referente ao m\u00eas de junho come\u00e7a nesta quinta-feira (27), quando recebem aposentados e pensionistas e segue na sexta-feira (28), com os sal\u00e1rios dos servidores da ativa.<\/p>\n\n\n\n<p>Mais uma vez, o Governo do Estado mant\u00e9m o compromisso de realizar o pagamento dos servidores estaduais dentro do m\u00eas trabalhado. O Estado efetuou, tamb\u00e9m este m\u00eas, o pagamento da primeira parcela do 13\u00ba sal\u00e1rio dos servidores estaduais, que estava dispon\u00edvel para o funcionalismo no dia 19 de junho.<\/p>\n\n\n\n<p><strong>Calend\u00e1rio<\/strong>:<br>27\/06- aposentados e pensionistas<br>28\/06- servidores da ativa<\/p>\n","protected":false},"excerpt":{"rendered":"<p>O pagamento dos servidores estaduais referente ao m\u00eas de junho come\u00e7a nesta quinta-feira (27), quando recebem aposentados e pensionistas e segue na sexta-feira (28), com&hellip; <\/p>\n","protected":false},"author":1,"featured_media":86871,"comment_status":"closed","ping_status":"closed","sticky":false,"template":"","format":"standard","meta":{"sfsi_plus_gutenberg_text_before_share":"","sfsi_plus_gutenberg_show_text_before_share":"","sfsi_plus_gutenberg_icon_type":"","sfsi_plus_gutenberg_icon_alignemt":"","sfsi_plus_gutenburg_max_per_row":"","footnotes":""},"categories":[50,2],"tags":[],"class_list":["post-102063","post","type-post","status-publish","format-standard","has-post-thumbnail","hentry","category-destaque","category-geral"],"_links":{"self":[{"href":"https:\/\/www.caririemacao.com\/1\/wp-json\/wp\/v2\/posts\/102063","targetHints":{"allow":["GET"]}}],"collection":[{"href":"https:\/\/www.caririemacao.com\/1\/wp-json\/wp\/v2\/posts"}],"about":[{"href":"https:\/\/www.caririemacao.com\/1\/wp-json\/wp\/v2\/types\/post"}],"author":[{"embeddable":true,"href":"https:\/\/www.caririemacao.com\/1\/wp-json\/wp\/v2\/users\/1"}],"replies":[{"embeddable":true,"href":"https:\/\/www.caririemacao.com\/1\/wp-json\/wp\/v2\/comments?post=102063"}],"version-history":[{"count":1,"href":"https:\/\/www.caririemacao.com\/1\/wp-json\/wp\/v2\/posts\/102063\/revisions"}],"predecessor-version":[{"id":102065,"href":"https:\/\/www.caririemacao.com\/1\/wp-json\/wp\/v2\/posts\/102063\/revisions\/102065"}],"wp:featuredmedia":[{"embeddable":true,"href":"https:\/\/www.caririemacao.com\/1\/wp-json\/wp\/v2\/media\/86871"}],"wp:attachment":[{"href":"https:\/\/www.caririemacao.com\/1\/wp-json\/wp\/v2\/media?parent=102063"}],"wp:term":[{"taxonomy":"category","embeddable":true,"href":"https:\/\/www.caririemacao.com\/1\/wp-json\/wp\/v2\/categories?post=102063"},{"taxonomy":"post_tag","embeddable":true,"href":"https:\/\/www.caririemacao.com\/1\/wp-json\/wp\/v2\/tags?post=102063"}],"curies":[{"name":"wp","href":"https:\/\/api.w.org\/{rel}","templated":true}]}}