{"id":102086,"date":"2019-06-26T09:15:05","date_gmt":"2019-06-26T12:15:05","guid":{"rendered":"http:\/\/www.caririemacao.com\/1\/?p=102086"},"modified":"2019-06-26T09:15:05","modified_gmt":"2019-06-26T12:15:05","slug":"joao-azevedo-se-reune-com-rodrigo-maia-para-debater-inclusao-de-estados-na-reforma-da-previdencia","status":"publish","type":"post","link":"https:\/\/www.caririemacao.com\/1\/2019\/06\/26\/joao-azevedo-se-reune-com-rodrigo-maia-para-debater-inclusao-de-estados-na-reforma-da-previdencia\/","title":{"rendered":"Jo\u00e3o Azev\u00eado se re\u00fane com Rodrigo Maia para debater inclus\u00e3o de estados na reforma da previd\u00eancia"},"content":{"rendered":"\n<p>O governador Jo\u00e3o Azev\u00eado est\u00e1 em Bras\u00edlia nesta quarta-feira (26) para uma reuni\u00e3o com o presidente da C\u00e2mara Federal, Rodrigo Maia. A reuni\u00e3o entre o presidente da C\u00e2mara e v\u00e1rios governadores pretende um consenso sobre a inclus\u00e3o dos estados na proposta de reforma da previd\u00eancia.<\/p>\n\n\n\n<p>Como o governador Jo\u00e3o Azev\u00eado j\u00e1 adiantou em entrevistas \u00e0 imprensa paraibana, ele considera interessante a inclus\u00e3o dos estados e exclus\u00e3o dos munic\u00edpios na reforma da previd\u00eancia.&nbsp;<\/p>\n\n\n\n<p>&#8220;Os estados precisam estar na reforma. Porque, se n\u00e3o, n\u00f3s vamos ter uma previd\u00eancia diferente para cada estado e isso n\u00e3o vai ser poss\u00edvel&#8221;, explicou o governador paraibano. Ele completou ainda sua linha de pensamento afirmando que considera importante &#8220;manter os estados na reforma, at\u00e9 porque poucas altera\u00e7\u00f5es se processar\u00e3o nos estados. Nos munic\u00edpios s\u00e3o mais altera\u00e7\u00f5es&#8221;.<\/p>\n\n\n\n<p>A discuss\u00e3o sobre a reforma da previd\u00eancia ser\u00e1 retomada hoje na comiss\u00e3o especial da C\u00e2mara. Depois que todos os parlamentares inscritos se manifestarem, o relator dever\u00e1 apresentar o seu voto complementar e a vota\u00e7\u00e3o poder\u00e1 ser iniciada.<\/p>\n\n\n\n<p>O presidente da Casa, Rodrigo Maia, admitiu que a vota\u00e7\u00e3o da reforma poder\u00e1 ser adiada caso seja feito um acordo com os governadores para a inclus\u00e3o dos estados e munic\u00edpios. Para Maia, a inclus\u00e3o de estados e munic\u00edpios na reforma da Previd\u00eancia \u00e9 fundamental para melhorar as contas p\u00fablicas, porque, se estiverem fora do texto, a demanda por mais recursos continuar\u00e1.<\/p>\n","protected":false},"excerpt":{"rendered":"<p>O governador Jo\u00e3o Azev\u00eado est\u00e1 em Bras\u00edlia nesta quarta-feira (26) para uma reuni\u00e3o com o presidente da C\u00e2mara Federal, Rodrigo Maia. A reuni\u00e3o entre o&hellip; <\/p>\n","protected":false},"author":1,"featured_media":101143,"comment_status":"closed","ping_status":"closed","sticky":false,"template":"","format":"standard","meta":{"sfsi_plus_gutenberg_text_before_share":"","sfsi_plus_gutenberg_show_text_before_share":"","sfsi_plus_gutenberg_icon_type":"","sfsi_plus_gutenberg_icon_alignemt":"","sfsi_plus_gutenburg_max_per_row":"","footnotes":""},"categories":[11],"tags":[],"class_list":["post-102086","post","type-post","status-publish","format-standard","has-post-thumbnail","hentry","category-politica"],"_links":{"self":[{"href":"https:\/\/www.caririemacao.com\/1\/wp-json\/wp\/v2\/posts\/102086","targetHints":{"allow":["GET"]}}],"collection":[{"href":"https:\/\/www.caririemacao.com\/1\/wp-json\/wp\/v2\/posts"}],"about":[{"href":"https:\/\/www.caririemacao.com\/1\/wp-json\/wp\/v2\/types\/post"}],"author":[{"embeddable":true,"href":"https:\/\/www.caririemacao.com\/1\/wp-json\/wp\/v2\/users\/1"}],"replies":[{"embeddable":true,"href":"https:\/\/www.caririemacao.com\/1\/wp-json\/wp\/v2\/comments?post=102086"}],"version-history":[{"count":1,"href":"https:\/\/www.caririemacao.com\/1\/wp-json\/wp\/v2\/posts\/102086\/revisions"}],"predecessor-version":[{"id":102088,"href":"https:\/\/www.caririemacao.com\/1\/wp-json\/wp\/v2\/posts\/102086\/revisions\/102088"}],"wp:featuredmedia":[{"embeddable":true,"href":"https:\/\/www.caririemacao.com\/1\/wp-json\/wp\/v2\/media\/101143"}],"wp:attachment":[{"href":"https:\/\/www.caririemacao.com\/1\/wp-json\/wp\/v2\/media?parent=102086"}],"wp:term":[{"taxonomy":"category","embeddable":true,"href":"https:\/\/www.caririemacao.com\/1\/wp-json\/wp\/v2\/categories?post=102086"},{"taxonomy":"post_tag","embeddable":true,"href":"https:\/\/www.caririemacao.com\/1\/wp-json\/wp\/v2\/tags?post=102086"}],"curies":[{"name":"wp","href":"https:\/\/api.w.org\/{rel}","templated":true}]}}