{"id":102092,"date":"2019-06-26T09:27:37","date_gmt":"2019-06-26T12:27:37","guid":{"rendered":"http:\/\/www.caririemacao.com\/1\/?p=102092"},"modified":"2019-06-26T09:27:37","modified_gmt":"2019-06-26T12:27:37","slug":"fpf-divulga-tabela-da-fase-de-grupos-do-paraibano-da-2a-divisao","status":"publish","type":"post","link":"https:\/\/www.caririemacao.com\/1\/2019\/06\/26\/fpf-divulga-tabela-da-fase-de-grupos-do-paraibano-da-2a-divisao\/","title":{"rendered":"FPF divulga tabela da fase de grupos do Paraibano da 2\u00aa divis\u00e3o"},"content":{"rendered":"\n<p>A Federa\u00e7\u00e3o Paraibana de Futebol (FPF) divulgou na tarde desta ter\u00e7a-feira (25), a tabela do Campeonato Paraibano da 2\u00aa divis\u00e3o, que tem estreia programada para o dia 25 de agosto. Ser\u00e3o 13 clubes distribu\u00eddos em dois grupos, um com sete e o outro com seis, todos lutando por duas vagas na elite do futebol da Para\u00edba.&nbsp;<\/p>\n\n\n\n<p>A primeira fase vai contar com sete rodadas, chegando ao fim no dia 15 de setembro. Apesar da divulga\u00e7\u00e3o, a entidade ainda n\u00e3o confirmou o regulamento e os locais dos confrontos.<\/p>\n\n\n\n<p>A primeira rodada da divis\u00e3o de acesso do futebol paraibano, agendada para o dia 25 de agosto, vai contar com seis jogos, todos programados para \u00e0s 15h. O destaque vai ser o duelo entre Auto Esporte e Desportiva Guarabira, as duas equipes que foram rebaixadas na 1\u00aa divis\u00e3o do ano passado.<\/p>\n\n\n\n<figure class=\"wp-block-image\"><img decoding=\"async\" data-src=\"https:\/\/www.clickpb.com.br\/media\/filer_public\/3f\/5b\/3f5b38f5-0932-40ff-bd63-1b1bc94cc913\/fpf.png\" alt=\"\" src=\"data:image\/svg+xml;base64,PHN2ZyB3aWR0aD0iMSIgaGVpZ2h0PSIxIiB4bWxucz0iaHR0cDovL3d3dy53My5vcmcvMjAwMC9zdmciPjwvc3ZnPg==\" class=\"lazyload\" \/><\/figure>\n\n\n\n<p>Na competi\u00e7\u00e3o, os 13 clubes foram distribu\u00eddos em dois grupos com seis. O Grupo do Litoral\/Brejo conta com Auto Esporte, Desportiva Guarabira, S\u00e3o Paulo Crystal, Confian\u00e7a de Sap\u00e9, Miramar , Internacional-PB e Spartax. J\u00e1 o Grupo do Agreste\/Sert\u00e3o \u00e9 formado por Femar, Desportiva Picuiense, Nacional de Pombal, Sport-PB, Sabugy e Queimadense.<\/p>\n\n\n\n<p><strong>Confira a tabela completa da fase de grupos do Paraibano da 2\u00aa divis\u00e3o:<\/strong><\/p>\n\n\n\n<figure class=\"wp-block-image\"><img decoding=\"async\" data-src=\"https:\/\/www.clickpb.com.br\/media\/filer_public\/2e\/60\/2e6099f7-812a-47a8-b1e7-658a83886aef\/grupos.jpg\" alt=\"\" src=\"data:image\/svg+xml;base64,PHN2ZyB3aWR0aD0iMSIgaGVpZ2h0PSIxIiB4bWxucz0iaHR0cDovL3d3dy53My5vcmcvMjAwMC9zdmciPjwvc3ZnPg==\" class=\"lazyload\" \/><\/figure>\n\n\n\n<p><br>O Campeonato Paraibano da 2\u00aa divis\u00e3o \u00e9 a segunda principal competi\u00e7\u00e3o organizada pela FPF e tem o Esporte de Patos com o atual campe\u00e3o. Com os grupos e a tabela definida, agora \u00e9 o momento de in\u00edcio dos trabalhos dos clubes que v\u00e3o lugar por uma das duas vagas na 1\u00aa divis\u00e3o de 2020.<\/p>\n","protected":false},"excerpt":{"rendered":"<p>A Federa\u00e7\u00e3o Paraibana de Futebol (FPF) divulgou na tarde desta ter\u00e7a-feira (25), a tabela do Campeonato Paraibano da 2\u00aa divis\u00e3o, que tem estreia programada para&hellip; <\/p>\n","protected":false},"author":1,"featured_media":102093,"comment_status":"closed","ping_status":"closed","sticky":false,"template":"","format":"standard","meta":{"sfsi_plus_gutenberg_text_before_share":"","sfsi_plus_gutenberg_show_text_before_share":"","sfsi_plus_gutenberg_icon_type":"","sfsi_plus_gutenberg_icon_alignemt":"","sfsi_plus_gutenburg_max_per_row":"","footnotes":""},"categories":[13],"tags":[],"class_list":["post-102092","post","type-post","status-publish","format-standard","has-post-thumbnail","hentry","category-esportes"],"_links":{"self":[{"href":"https:\/\/www.caririemacao.com\/1\/wp-json\/wp\/v2\/posts\/102092","targetHints":{"allow":["GET"]}}],"collection":[{"href":"https:\/\/www.caririemacao.com\/1\/wp-json\/wp\/v2\/posts"}],"about":[{"href":"https:\/\/www.caririemacao.com\/1\/wp-json\/wp\/v2\/types\/post"}],"author":[{"embeddable":true,"href":"https:\/\/www.caririemacao.com\/1\/wp-json\/wp\/v2\/users\/1"}],"replies":[{"embeddable":true,"href":"https:\/\/www.caririemacao.com\/1\/wp-json\/wp\/v2\/comments?post=102092"}],"version-history":[{"count":1,"href":"https:\/\/www.caririemacao.com\/1\/wp-json\/wp\/v2\/posts\/102092\/revisions"}],"predecessor-version":[{"id":102094,"href":"https:\/\/www.caririemacao.com\/1\/wp-json\/wp\/v2\/posts\/102092\/revisions\/102094"}],"wp:featuredmedia":[{"embeddable":true,"href":"https:\/\/www.caririemacao.com\/1\/wp-json\/wp\/v2\/media\/102093"}],"wp:attachment":[{"href":"https:\/\/www.caririemacao.com\/1\/wp-json\/wp\/v2\/media?parent=102092"}],"wp:term":[{"taxonomy":"category","embeddable":true,"href":"https:\/\/www.caririemacao.com\/1\/wp-json\/wp\/v2\/categories?post=102092"},{"taxonomy":"post_tag","embeddable":true,"href":"https:\/\/www.caririemacao.com\/1\/wp-json\/wp\/v2\/tags?post=102092"}],"curies":[{"name":"wp","href":"https:\/\/api.w.org\/{rel}","templated":true}]}}