{"id":102098,"date":"2019-06-26T09:33:37","date_gmt":"2019-06-26T12:33:37","guid":{"rendered":"http:\/\/www.caririemacao.com\/1\/?p=102098"},"modified":"2019-06-26T09:33:37","modified_gmt":"2019-06-26T12:33:37","slug":"comissao-deve-analisar-hoje-pedido-de-pensao-de-dilma-rousseff","status":"publish","type":"post","link":"https:\/\/www.caririemacao.com\/1\/2019\/06\/26\/comissao-deve-analisar-hoje-pedido-de-pensao-de-dilma-rousseff\/","title":{"rendered":"Comiss\u00e3o deve analisar hoje pedido de pens\u00e3o de Dilma Rousseff"},"content":{"rendered":"\n<p>A Comiss\u00e3o de Anistia do governo federal deve analisar nesta quarta-feira (26) o processo em que a ex-presidente Dilma Rousseff (PT) pede indeniza\u00e7\u00e3o por persegui\u00e7\u00e3o pol\u00edtica durante o regime militar. O pedido \u00e9 um dos 98 que est\u00e3o na pauta desta semana e que ser\u00e3o avaliados pela comiss\u00e3o. A sess\u00e3o est\u00e1 marcada para as 9h30.<\/p>\n\n\n\n<p>O \u00f3rg\u00e3o tem car\u00e1ter consultivo, e a palavra final ser\u00e1 da ministra da Mulher, Fam\u00edlia e Direitos Humanos, Damares Alves, que j\u00e1 indeferiu centenas de pedidos neste ano e anunciou uma auditoria para analisar as indeniza\u00e7\u00f5es concedidas anteriormente.<\/p>\n\n\n\n<p>Dilma pede uma pens\u00e3o mensal de R$ 10,7 mil. Ela entrou com o processo em 2002, mesmo ano da aprova\u00e7\u00e3o da lei que criou a Comiss\u00e3o de Anistia para an\u00e1lise de poss\u00edveis indeniza\u00e7\u00f5es e pens\u00f5es para pessoas perseguidas no per\u00edodo entre 1946 e 1988. Pediu, por\u00e9m, para que o processo ficasse suspenso enquanto ela ocupasse cargos no governo federal.<\/p>\n\n\n\n<p>No processo, Dilma alega que, ap\u00f3s ficar presa entre 1970 e 1972, foi impedida de retornar ao curso de economia na Universidade Federal de Minas Gerais. Al\u00e9m disso, afirma que em 1977 foi for\u00e7ada a pedir demiss\u00e3o da Funda\u00e7\u00e3o de Economia e Estat\u00edstica (FEE), \u00f3rg\u00e3o ligado ao governo do Estado do Rio Grande do Sul.<\/p>\n\n\n\n<p>Pagamentos<\/p>\n\n\n\n<p>O governo federal destinou R$ 1,1 bilh\u00e3o para o pagamento de indeniza\u00e7\u00f5es e pens\u00f5es a anistiados pol\u00edticos em 2018. A maior parte dos benef\u00edcios foi paga em forma de indeniza\u00e7\u00f5es para civis \u2013 R$ 593 milh\u00f5es, e o restante para anistiados das For\u00e7as Armadas. Os dados s\u00e3o dos minist\u00e9rios da Economia e da Defesa, respons\u00e1veis pelos pagamentos.<\/p>\n","protected":false},"excerpt":{"rendered":"<p>A Comiss\u00e3o de Anistia do governo federal deve analisar nesta quarta-feira (26) o processo em que a ex-presidente Dilma Rousseff (PT) pede indeniza\u00e7\u00e3o por persegui\u00e7\u00e3o&hellip; <\/p>\n","protected":false},"author":1,"featured_media":14417,"comment_status":"closed","ping_status":"closed","sticky":false,"template":"","format":"standard","meta":{"sfsi_plus_gutenberg_text_before_share":"","sfsi_plus_gutenberg_show_text_before_share":"","sfsi_plus_gutenberg_icon_type":"","sfsi_plus_gutenberg_icon_alignemt":"","sfsi_plus_gutenburg_max_per_row":"","footnotes":""},"categories":[11],"tags":[],"class_list":["post-102098","post","type-post","status-publish","format-standard","has-post-thumbnail","hentry","category-politica"],"_links":{"self":[{"href":"https:\/\/www.caririemacao.com\/1\/wp-json\/wp\/v2\/posts\/102098","targetHints":{"allow":["GET"]}}],"collection":[{"href":"https:\/\/www.caririemacao.com\/1\/wp-json\/wp\/v2\/posts"}],"about":[{"href":"https:\/\/www.caririemacao.com\/1\/wp-json\/wp\/v2\/types\/post"}],"author":[{"embeddable":true,"href":"https:\/\/www.caririemacao.com\/1\/wp-json\/wp\/v2\/users\/1"}],"replies":[{"embeddable":true,"href":"https:\/\/www.caririemacao.com\/1\/wp-json\/wp\/v2\/comments?post=102098"}],"version-history":[{"count":1,"href":"https:\/\/www.caririemacao.com\/1\/wp-json\/wp\/v2\/posts\/102098\/revisions"}],"predecessor-version":[{"id":102100,"href":"https:\/\/www.caririemacao.com\/1\/wp-json\/wp\/v2\/posts\/102098\/revisions\/102100"}],"wp:featuredmedia":[{"embeddable":true,"href":"https:\/\/www.caririemacao.com\/1\/wp-json\/wp\/v2\/media\/14417"}],"wp:attachment":[{"href":"https:\/\/www.caririemacao.com\/1\/wp-json\/wp\/v2\/media?parent=102098"}],"wp:term":[{"taxonomy":"category","embeddable":true,"href":"https:\/\/www.caririemacao.com\/1\/wp-json\/wp\/v2\/categories?post=102098"},{"taxonomy":"post_tag","embeddable":true,"href":"https:\/\/www.caririemacao.com\/1\/wp-json\/wp\/v2\/tags?post=102098"}],"curies":[{"name":"wp","href":"https:\/\/api.w.org\/{rel}","templated":true}]}}