{"id":102107,"date":"2019-06-26T10:10:25","date_gmt":"2019-06-26T13:10:25","guid":{"rendered":"http:\/\/www.caririemacao.com\/1\/?p=102107"},"modified":"2019-06-26T10:10:25","modified_gmt":"2019-06-26T13:10:25","slug":"policia-militar-prende-criminosos-e-motos-roubadas-na-cidade-de-boa-vista","status":"publish","type":"post","link":"https:\/\/www.caririemacao.com\/1\/2019\/06\/26\/policia-militar-prende-criminosos-e-motos-roubadas-na-cidade-de-boa-vista\/","title":{"rendered":"Pol\u00edcia Militar prende criminosos e motos roubadas na cidade de Boa Vista"},"content":{"rendered":"\n<p>O destacamento da Pol\u00edcia Militar da cidade de Boa Vista prendeu no \u00faltimo domingo, dia 23 de Junho, uma quadrilha especializada em roubos de motos na regi\u00e3o do Cariri paraibano.<\/p>\n\n\n\n<div class=\"wp-block-image\"><figure class=\"alignright\"><img decoding=\"async\" data-src=\"http:\/\/deolhonocariri.com.br\/wp-content\/uploads\/2019\/06\/page-1.jpg\" alt=\"\" class=\"wp-image-68450 lazyload\" src=\"data:image\/svg+xml;base64,PHN2ZyB3aWR0aD0iMSIgaGVpZ2h0PSIxIiB4bWxucz0iaHR0cDovL3d3dy53My5vcmcvMjAwMC9zdmciPjwvc3ZnPg==\" \/><\/figure><\/div>\n\n\n\n<p>As for\u00e7as policiais da cidade receberam informa\u00e7\u00f5es atrav\u00e9s do CIOP que criminosos tinham roubado uma moto Honda Bros Preta em uma estrada na cidade de Boqueir\u00e3o no \u00faltimo domingo e que os elementos teriam sa\u00eddo em fuga com destino a cidade de Boa Vista. De pronto, Os policiais agiram com extrema rapidez e realizaram rondas pela cidade.<\/p>\n\n\n\n<p>Com ajuda de informa\u00e7\u00f5es repassadas por populares, a policia conseguiu chegar a uma resid\u00eancia pr\u00f3ximo a BR-412, onde foram localizados quatro elementos suspeitos pela a\u00e7\u00e3o criminosa. Junto com eles, foram apreendidas tr\u00eas motocicletas, duas j\u00e1 registradas como produto de roubo. Al\u00e9m das motocicletas, foram encontrados um rev\u00f3lver calibre 38 e com 05 muni\u00e7\u00f5es intactas.<\/p>\n\n\n\n<p>Os acusados foram encaminhados para a Central de Pol\u00edcia da cidade.<\/p>\n\n\n\n<p><strong>De Olho no Cariri<\/strong><\/p>\n","protected":false},"excerpt":{"rendered":"<p>O destacamento da Pol\u00edcia Militar da cidade de Boa Vista prendeu no \u00faltimo domingo, dia 23 de Junho, uma quadrilha especializada em roubos de motos&hellip; <\/p>\n","protected":false},"author":1,"featured_media":102108,"comment_status":"closed","ping_status":"closed","sticky":false,"template":"","format":"standard","meta":{"sfsi_plus_gutenberg_text_before_share":"","sfsi_plus_gutenberg_show_text_before_share":"","sfsi_plus_gutenberg_icon_type":"","sfsi_plus_gutenberg_icon_alignemt":"","sfsi_plus_gutenburg_max_per_row":"","footnotes":""},"categories":[12],"tags":[],"class_list":["post-102107","post","type-post","status-publish","format-standard","has-post-thumbnail","hentry","category-policia"],"_links":{"self":[{"href":"https:\/\/www.caririemacao.com\/1\/wp-json\/wp\/v2\/posts\/102107","targetHints":{"allow":["GET"]}}],"collection":[{"href":"https:\/\/www.caririemacao.com\/1\/wp-json\/wp\/v2\/posts"}],"about":[{"href":"https:\/\/www.caririemacao.com\/1\/wp-json\/wp\/v2\/types\/post"}],"author":[{"embeddable":true,"href":"https:\/\/www.caririemacao.com\/1\/wp-json\/wp\/v2\/users\/1"}],"replies":[{"embeddable":true,"href":"https:\/\/www.caririemacao.com\/1\/wp-json\/wp\/v2\/comments?post=102107"}],"version-history":[{"count":1,"href":"https:\/\/www.caririemacao.com\/1\/wp-json\/wp\/v2\/posts\/102107\/revisions"}],"predecessor-version":[{"id":102109,"href":"https:\/\/www.caririemacao.com\/1\/wp-json\/wp\/v2\/posts\/102107\/revisions\/102109"}],"wp:featuredmedia":[{"embeddable":true,"href":"https:\/\/www.caririemacao.com\/1\/wp-json\/wp\/v2\/media\/102108"}],"wp:attachment":[{"href":"https:\/\/www.caririemacao.com\/1\/wp-json\/wp\/v2\/media?parent=102107"}],"wp:term":[{"taxonomy":"category","embeddable":true,"href":"https:\/\/www.caririemacao.com\/1\/wp-json\/wp\/v2\/categories?post=102107"},{"taxonomy":"post_tag","embeddable":true,"href":"https:\/\/www.caririemacao.com\/1\/wp-json\/wp\/v2\/tags?post=102107"}],"curies":[{"name":"wp","href":"https:\/\/api.w.org\/{rel}","templated":true}]}}