{"id":102116,"date":"2019-06-26T11:13:17","date_gmt":"2019-06-26T14:13:17","guid":{"rendered":"http:\/\/www.caririemacao.com\/1\/?p=102116"},"modified":"2019-06-26T11:13:17","modified_gmt":"2019-06-26T14:13:17","slug":"bolsonaro-reafirma-intencao-de-visitar-a-paraiba-mas-nao-estabelece-data","status":"publish","type":"post","link":"https:\/\/www.caririemacao.com\/1\/2019\/06\/26\/bolsonaro-reafirma-intencao-de-visitar-a-paraiba-mas-nao-estabelece-data\/","title":{"rendered":"Bolsonaro reafirma inten\u00e7\u00e3o de visitar a Para\u00edba, mas n\u00e3o estabelece data"},"content":{"rendered":"\n<p>O presidente Jair Bolsonaro dever\u00e1 vir \u00e0 Para\u00edba em breve, de acordo com conversas que t\u00eam mantido recentemente. No fim de semana o presidente recebeu a diretora da Fesp Faculdades, Jeanbelle Barbosa, para uma audi\u00eancia e reiterou a inten\u00e7\u00e3o.<\/p>\n\n\n\n<p>No m\u00eas de maio, reunido com a deputada Edna Henriques, ele tamb\u00e9m havia dito que planejava uma visita em breve ao estado. No entanto, at\u00e9 o momento n\u00e3o h\u00e1 informa\u00e7\u00f5es precisas sobre a data em que aconteceria a visita e nem o itiner\u00e1rio.<\/p>\n\n\n\n<p>Depois de assumir o cargo de presidente, Bolsonaro visitou a regi\u00e3o nordeste somente uma vez, no m\u00eas de maio. Na oportunidade, ele foi ao estado de Pernambuco, onde manteve reuni\u00e3o com v\u00e1rios governadores da regi\u00e3o, incluindo o paraibano Jo\u00e3o Azev\u00eado.<\/p>\n\n\n\n<p>A visita de Bolsonaro \u00e0 Para\u00edba vem sendo bastante cobrada pelos seus apoiadores no estado. Especulou-se uma visita a Campina Grande na oportunidade da inaugura\u00e7\u00e3o do Centro de Dessaliniza\u00e7\u00e3o na UFCG. No entanto, somente veio ao estado o ministro Marcos Pontes, da pasta de Ci\u00eancia e Tecnologia.<\/p>\n\n\n\n<p>Em v\u00eddeo transmitido atrav\u00e9s de suas redes sociais, Bolsonaro havia confirmado a pretens\u00e3o de ir at\u00e9 Campina Grande, mas n\u00e3o definiu uma data. Ele afirmou que havia sido convidado pelo prefeito Romero Rodrigues.<\/p>\n","protected":false},"excerpt":{"rendered":"<p>O presidente Jair Bolsonaro dever\u00e1 vir \u00e0 Para\u00edba em breve, de acordo com conversas que t\u00eam mantido recentemente. No fim de semana o presidente recebeu&hellip; <\/p>\n","protected":false},"author":1,"featured_media":101466,"comment_status":"closed","ping_status":"closed","sticky":false,"template":"","format":"standard","meta":{"sfsi_plus_gutenberg_text_before_share":"","sfsi_plus_gutenberg_show_text_before_share":"","sfsi_plus_gutenberg_icon_type":"","sfsi_plus_gutenberg_icon_alignemt":"","sfsi_plus_gutenburg_max_per_row":"","footnotes":""},"categories":[11],"tags":[],"class_list":["post-102116","post","type-post","status-publish","format-standard","has-post-thumbnail","hentry","category-politica"],"_links":{"self":[{"href":"https:\/\/www.caririemacao.com\/1\/wp-json\/wp\/v2\/posts\/102116","targetHints":{"allow":["GET"]}}],"collection":[{"href":"https:\/\/www.caririemacao.com\/1\/wp-json\/wp\/v2\/posts"}],"about":[{"href":"https:\/\/www.caririemacao.com\/1\/wp-json\/wp\/v2\/types\/post"}],"author":[{"embeddable":true,"href":"https:\/\/www.caririemacao.com\/1\/wp-json\/wp\/v2\/users\/1"}],"replies":[{"embeddable":true,"href":"https:\/\/www.caririemacao.com\/1\/wp-json\/wp\/v2\/comments?post=102116"}],"version-history":[{"count":1,"href":"https:\/\/www.caririemacao.com\/1\/wp-json\/wp\/v2\/posts\/102116\/revisions"}],"predecessor-version":[{"id":102117,"href":"https:\/\/www.caririemacao.com\/1\/wp-json\/wp\/v2\/posts\/102116\/revisions\/102117"}],"wp:featuredmedia":[{"embeddable":true,"href":"https:\/\/www.caririemacao.com\/1\/wp-json\/wp\/v2\/media\/101466"}],"wp:attachment":[{"href":"https:\/\/www.caririemacao.com\/1\/wp-json\/wp\/v2\/media?parent=102116"}],"wp:term":[{"taxonomy":"category","embeddable":true,"href":"https:\/\/www.caririemacao.com\/1\/wp-json\/wp\/v2\/categories?post=102116"},{"taxonomy":"post_tag","embeddable":true,"href":"https:\/\/www.caririemacao.com\/1\/wp-json\/wp\/v2\/tags?post=102116"}],"curies":[{"name":"wp","href":"https:\/\/api.w.org\/{rel}","templated":true}]}}