{"id":102118,"date":"2019-06-26T11:15:58","date_gmt":"2019-06-26T14:15:58","guid":{"rendered":"http:\/\/www.caririemacao.com\/1\/?p=102118"},"modified":"2019-06-26T11:15:59","modified_gmt":"2019-06-26T14:15:59","slug":"termina-nesta-sexta-prazo-para-pagamento-do-ipva-de-placa-com-final-6","status":"publish","type":"post","link":"https:\/\/www.caririemacao.com\/1\/2019\/06\/26\/termina-nesta-sexta-prazo-para-pagamento-do-ipva-de-placa-com-final-6\/","title":{"rendered":"Termina nesta sexta prazo para pagamento do IPVA de placa com final 6"},"content":{"rendered":"\n<p>Os propriet\u00e1rios de ve\u00edculos, com final de placa 6 no Estado da Para\u00edba, devem antecipar o pagamento do IPVA (Imposto Sobre a Propriedade de Ve\u00edculos Automotores) at\u00e9 esta sexta-feira (28), como forma de evitar acr\u00e9scimos de juros e multa. Essa \u00e9 a data limite tamb\u00e9m para aqueles que requereram a isen\u00e7\u00e3o do tributo no ano passado da placa final 6.&nbsp;<\/p>\n\n\n\n<p>Agora, eles dever\u00e3o realizar a comprova\u00e7\u00e3o dos documentos em qualquer reparti\u00e7\u00e3o fiscal da Secretaria de Estado da Fazenda (SEFAZ-PB) mais pr\u00f3xima de seu domic\u00edlio.&nbsp;<\/p>\n\n\n\n<p>Para quem vai pagar o IPVA com placa final 6, os contribuintes ter\u00e3o tr\u00eas op\u00e7\u00f5es de pagamento do tributo. A primeira \u00e9 a cota \u00fanica com desconto de 10% \u00e0 vista. A segunda op\u00e7\u00e3o \u00e9 o pagamento em tr\u00eas parcelas, mas sem desconto, sendo a primeira com vencimento at\u00e9 o dia 28 deste m\u00eas. A terceira op\u00e7\u00e3o \u00e9 o pagamento total do IPVA no dia 30 de agosto, tamb\u00e9m sem o desconto de 10%.&nbsp;<\/p>\n\n\n\n<p><strong>Pagamento por Ficha de Compensa\u00e7\u00e3o&nbsp;<\/strong><\/p>\n\n\n\n<p>A SEFAZ-PB ampliou os locais para pagamento do IPVA, caso o contribuinte escolha, no ato da impress\u00e3o, a op\u00e7\u00e3o \u2018Ficha de Compensa\u00e7\u00e3o\u2019. Com ela, o contribuinte poder\u00e1 pagar o tributo em casas lot\u00e9ricas, correspondentes banc\u00e1rios e em toda a rede banc\u00e1ria. Se a op\u00e7\u00e3o permanecer no DAR (Documento de Arrecada\u00e7\u00e3o), o pagamento fica restrito ao Banco do Brasil. Regras para Ficha de Compensa\u00e7\u00e3o&nbsp;<\/p>\n\n\n\n<p>O contribuinte precisa ficar atento tamb\u00e9m \u00e0s regras da impress\u00e3o para pagamento por Ficha de Compensa\u00e7\u00e3o. A primeira delas \u00e9 o tempo de espera para pagar. O boleto emitido por Ficha de Compensa\u00e7\u00e3o necessita de at\u00e9 60 minutos para ser registrado no sistema de pagamentos da rede banc\u00e1ria. Ou seja, se o pagamento for realizado na mesma data de impress\u00e3o, em virtude das normas recentes da FEBRABAN (Federa\u00e7\u00e3o Brasileira de Bancos), os contribuintes v\u00e3o precisar esperar at\u00e9 60 minutos antes de efetuar o pagamento diretamente na rede banc\u00e1ria ou nas lot\u00e9ricas. Impress\u00e3o dos boletos via Portais<\/p>\n\n\n\n<p>A SEFAZ-PB contabiliza em seus lan\u00e7amentos 103 mil ve\u00edculos com placa final 6. Os boletos do IPVA dever\u00e3o ser impressos por meio da internet. A emiss\u00e3o est\u00e1 disponibilizada no portal da SEFAZ-PB, mas tamb\u00e9m no do Detran-PB. O boleto poder\u00e1 tamb\u00e9m ser impresso, preferencialmente, em uma reparti\u00e7\u00e3o fiscal ou ent\u00e3o nas unidades do Detran-PB.&nbsp;<\/p>\n\n\n\n<p><strong>Pagamento das parcelas anteriores&nbsp;<\/strong><\/p>\n\n\n\n<p>Para quem optou pelo parcelamento do IPVA dos ve\u00edculos com finais das placas 4 e 5, os propriet\u00e1rios precisam tamb\u00e9m antecipar o pagamento das parcelas at\u00e9 o dia 28 de junho. Quem parcelou em tr\u00eas vezes a placa final 4, dever\u00e1 pagar a terceira e \u00faltima parcela, enquanto a placa final 5 tem vencimento o segundo pagamento da parcela. Tamb\u00e9m vence no dia 28 de junho o pagamento daqueles que optaram pelo pagamento total sem desconto da placa final 4.&nbsp;<\/p>\n\n\n\n<p><strong>Comprova\u00e7\u00e3o da isen\u00e7\u00e3o da placa final 6&nbsp;<\/strong><\/p>\n\n\n\n<p>As categorias como taxistas, portadores de defici\u00eancia (f\u00edsica, visual, mental ou autista), ve\u00edculos cadastrados no Minist\u00e9rio do Turismo na qualidade de transporte tur\u00edstico; motofrentistas e de motoboys at\u00e9 150 cc (cilindradas), de placa final 6, que requereram no ano passado a isen\u00e7\u00e3o do IPVA, precisam, agora, comprovar com documenta\u00e7\u00e3o at\u00e9 o dia 28 de junho na reparti\u00e7\u00e3o fiscal mais pr\u00f3xima do domic\u00edlio para gozar do direito em 2019. Neste mesmo dia, essas categorias j\u00e1 podem requerer a isen\u00e7\u00e3o de 2020. \u00c9 importante lembrar que esses ve\u00edculos isentos dever\u00e3o pagar as demais taxas que envolvem o emplacamento, como seguro obrigat\u00f3rio (Dpvat), licenciamento do Detran-PB e a Taxa de Bombeiro.<\/p>\n","protected":false},"excerpt":{"rendered":"<p>Os propriet\u00e1rios de ve\u00edculos, com final de placa 6 no Estado da Para\u00edba, devem antecipar o pagamento do IPVA (Imposto Sobre a Propriedade de Ve\u00edculos&hellip; <\/p>\n","protected":false},"author":1,"featured_media":86341,"comment_status":"closed","ping_status":"closed","sticky":false,"template":"","format":"standard","meta":{"sfsi_plus_gutenberg_text_before_share":"","sfsi_plus_gutenberg_show_text_before_share":"","sfsi_plus_gutenberg_icon_type":"","sfsi_plus_gutenberg_icon_alignemt":"","sfsi_plus_gutenburg_max_per_row":"","footnotes":""},"categories":[50,2],"tags":[],"class_list":["post-102118","post","type-post","status-publish","format-standard","has-post-thumbnail","hentry","category-destaque","category-geral"],"_links":{"self":[{"href":"https:\/\/www.caririemacao.com\/1\/wp-json\/wp\/v2\/posts\/102118","targetHints":{"allow":["GET"]}}],"collection":[{"href":"https:\/\/www.caririemacao.com\/1\/wp-json\/wp\/v2\/posts"}],"about":[{"href":"https:\/\/www.caririemacao.com\/1\/wp-json\/wp\/v2\/types\/post"}],"author":[{"embeddable":true,"href":"https:\/\/www.caririemacao.com\/1\/wp-json\/wp\/v2\/users\/1"}],"replies":[{"embeddable":true,"href":"https:\/\/www.caririemacao.com\/1\/wp-json\/wp\/v2\/comments?post=102118"}],"version-history":[{"count":1,"href":"https:\/\/www.caririemacao.com\/1\/wp-json\/wp\/v2\/posts\/102118\/revisions"}],"predecessor-version":[{"id":102119,"href":"https:\/\/www.caririemacao.com\/1\/wp-json\/wp\/v2\/posts\/102118\/revisions\/102119"}],"wp:featuredmedia":[{"embeddable":true,"href":"https:\/\/www.caririemacao.com\/1\/wp-json\/wp\/v2\/media\/86341"}],"wp:attachment":[{"href":"https:\/\/www.caririemacao.com\/1\/wp-json\/wp\/v2\/media?parent=102118"}],"wp:term":[{"taxonomy":"category","embeddable":true,"href":"https:\/\/www.caririemacao.com\/1\/wp-json\/wp\/v2\/categories?post=102118"},{"taxonomy":"post_tag","embeddable":true,"href":"https:\/\/www.caririemacao.com\/1\/wp-json\/wp\/v2\/tags?post=102118"}],"curies":[{"name":"wp","href":"https:\/\/api.w.org\/{rel}","templated":true}]}}