{"id":102129,"date":"2019-06-26T13:42:51","date_gmt":"2019-06-26T16:42:51","guid":{"rendered":"http:\/\/www.caririemacao.com\/1\/?p=102129"},"modified":"2019-06-26T13:43:36","modified_gmt":"2019-06-26T16:43:36","slug":"o-clima-esquentou-vereador-de-sao-joao-do-cariri-chama-prefeito-de-mimadinho-arrogante-e-faz-desafio","status":"publish","type":"post","link":"https:\/\/www.caririemacao.com\/1\/2019\/06\/26\/o-clima-esquentou-vereador-de-sao-joao-do-cariri-chama-prefeito-de-mimadinho-arrogante-e-faz-desafio\/","title":{"rendered":"George Aquino chama Helder de \u201cmimadinho arrogante\u201d e faz desafio"},"content":{"rendered":"\n<p> O Clima esquentou entre o Prefeito de S\u00e3o Jo\u00e3o do Cariri\u00a0\u00a0H\u00e9lder Trajano e o vereador George\u00a0\u00a0Aquino (Esquerdo da foto). <\/p>\n\n\n\n<p>Ap\u00f3s rebater cr\u00edticas do vereador dizendo que N\u00e3o respondia processo por corrup\u00e7\u00e3o nem desvio de dinheiro p\u00fablico. <\/p>\n\n\n\n<p>George n\u00e3o deixou em branco e emitiu uma nota chamando o prefeito de mimadinho arrogante\u00a0\u00a0e propondo um desafio.<\/p>\n\n\n\n<p>Veja nota:<\/p>\n\n\n\n<p><em>A respeito da mat\u00e9ria veiculada no blog venho a p\u00fablico com base na Lei Federal 13188\/2015 informar que n\u00e3o compreendi o destempero do prefeito interino H\u00e9lder Trajano pelo fato de eu est\u00e1\u00a0 desempenhando meu papel de vereador que \u00e9\u00a0 fiscalizar os atos do legislativo e cobrar as a\u00e7\u00f5es que nosso munic\u00edpio necessita, ora quem registrou todas aquelas promessas enganosas no site do TRE\/PB foi o pr\u00f3prio\u00a0 prefeito e vice (na campanha)e agora para n\u00e3o atestar a inefici\u00eancia do seu governo tenta de maneira mentirosa inventar que respondo judicialmente por desvio de dinheiro p\u00fablico e corrup\u00e7\u00e3o, por isso deixo aqui um desafio que ele apresente tais a\u00e7\u00f5es referente a minha pessoa\u00a0\u00a0 que renuncio o meu mandato ,ou se ele assim n\u00e3o o fizer renuncie ao dele , tenho orgulho de ter sido o vereador mais votado da hist\u00f3ria de S\u00e3o Jo\u00e3o do Cariri e tenho trabalhado com empenho para melhorar a vida das pessoas ,lembro ainda que\u00a0 s\u00f3 agora em maio, junto com o governador Jo\u00e3o Azevedo\u00a0 conseguimos a libera\u00e7\u00e3o\u00a0 de R$ 3,1 milh\u00f5es de reais para o esgotamento sanit\u00e1rio\u00a0 da cidade , consegui tamb\u00e9m priorizar a pavimenta\u00e7\u00e3o asf\u00e1ltica que liga o Distrito de Malhada de Ro\u00e7a\u00a0 a BR 412\u00a0 que \u00e9 um sonho antigo daquela comunidade, como tamb\u00e9m a constru\u00e7\u00e3o de uma quadra poliesportiva na escola jornalista Jos\u00e9 Leal: \u00a0promessa essa feita por ele e sua coliga\u00e7\u00e3o e que n\u00e3o cumpriu. <\/em><\/p>\n\n\n\n<p><em>Assim como as demais promessas eleitoreira do atual gestor, lembro ainda que foi obra da gest\u00e3o estadual do PSB a constru\u00e7\u00e3o da Policlinica, cal\u00e7amento de ruas entre outras muitas\u00a0 a\u00e7\u00f5es que \u00e9 de conhecimento do povo. <\/em><\/p>\n\n\n\n<p><em>O que estranha nisso tudo \u00e9\u00a0 uma cidade pobre como a nossa\u00a0 aonde faltam m\u00e9dicos e medicamentos ter, ele conseguir\u00a0 or\u00e7amento para patrocinar eventos privados de grandes empres\u00e1rios\u00a0 como foi o caso da \u00faltima vaquejada realizada no munic\u00edpio, e essa tal generosidade n\u00e3o acontece com os mesmo eventos de pequeno porte que acontecem em nossa cidade , estou aqui em S\u00e3o Jo\u00e3o do Cariri antes mesmo dele nascer e por esse povo travo lutas di\u00e1rias, mesmo com condi\u00e7\u00f5es estruturais muito a quem de uma prefeitura.<\/em><\/p>\n\n\n\n<p><em>Ele j\u00e1 \u00e9 um velho conhecido de nossa milit\u00e2ncia\u00a0 e da popula\u00e7\u00e3o,\u00a0\u00a0 afinal o seu primeiro mandato de vereador ele deve a nossa base que o elegeu\u00a0 e o mesmo sendo eleito no primeiro instante traiu quem o ajudou a chegar na C\u00e2mara de Vereadores, posteriormente fez o mesmo com o ent\u00e3o prefeito Marcone para cassar o seu mandato e agora a hist\u00f3ria\u00a0 se repete com o atual gestor Cosme.\u00a0 Sou um homem de luta, vim de baixo ao contr\u00e1rio dele que se diz o novo mais pratica a politica velha e n\u00e3o passa de um mimadinho arrogante.<\/em><\/p>\n\n\n\n<p><br>Com Blog do Bruno Lira <\/p>\n","protected":false},"excerpt":{"rendered":"<p>O Clima esquentou entre o Prefeito de S\u00e3o Jo\u00e3o do Cariri\u00a0\u00a0H\u00e9lder Trajano e o vereador George\u00a0\u00a0Aquino (Esquerdo da foto). Ap\u00f3s rebater cr\u00edticas do vereador dizendo&hellip; <\/p>\n","protected":false},"author":2,"featured_media":102132,"comment_status":"closed","ping_status":"closed","sticky":false,"template":"","format":"standard","meta":{"sfsi_plus_gutenberg_text_before_share":"","sfsi_plus_gutenberg_show_text_before_share":"","sfsi_plus_gutenberg_icon_type":"","sfsi_plus_gutenberg_icon_alignemt":"","sfsi_plus_gutenburg_max_per_row":"","footnotes":""},"categories":[50,11],"tags":[],"class_list":["post-102129","post","type-post","status-publish","format-standard","has-post-thumbnail","hentry","category-destaque","category-politica"],"_links":{"self":[{"href":"https:\/\/www.caririemacao.com\/1\/wp-json\/wp\/v2\/posts\/102129","targetHints":{"allow":["GET"]}}],"collection":[{"href":"https:\/\/www.caririemacao.com\/1\/wp-json\/wp\/v2\/posts"}],"about":[{"href":"https:\/\/www.caririemacao.com\/1\/wp-json\/wp\/v2\/types\/post"}],"author":[{"embeddable":true,"href":"https:\/\/www.caririemacao.com\/1\/wp-json\/wp\/v2\/users\/2"}],"replies":[{"embeddable":true,"href":"https:\/\/www.caririemacao.com\/1\/wp-json\/wp\/v2\/comments?post=102129"}],"version-history":[{"count":2,"href":"https:\/\/www.caririemacao.com\/1\/wp-json\/wp\/v2\/posts\/102129\/revisions"}],"predecessor-version":[{"id":102139,"href":"https:\/\/www.caririemacao.com\/1\/wp-json\/wp\/v2\/posts\/102129\/revisions\/102139"}],"wp:featuredmedia":[{"embeddable":true,"href":"https:\/\/www.caririemacao.com\/1\/wp-json\/wp\/v2\/media\/102132"}],"wp:attachment":[{"href":"https:\/\/www.caririemacao.com\/1\/wp-json\/wp\/v2\/media?parent=102129"}],"wp:term":[{"taxonomy":"category","embeddable":true,"href":"https:\/\/www.caririemacao.com\/1\/wp-json\/wp\/v2\/categories?post=102129"},{"taxonomy":"post_tag","embeddable":true,"href":"https:\/\/www.caririemacao.com\/1\/wp-json\/wp\/v2\/tags?post=102129"}],"curies":[{"name":"wp","href":"https:\/\/api.w.org\/{rel}","templated":true}]}}