{"id":102130,"date":"2019-06-26T13:43:25","date_gmt":"2019-06-26T16:43:25","guid":{"rendered":"http:\/\/www.caririemacao.com\/1\/?p=102130"},"modified":"2019-06-26T13:43:25","modified_gmt":"2019-06-26T16:43:25","slug":"prefeito-da-prata-solicita-recuperacao-da-rodovia-antonio-mariz-2","status":"publish","type":"post","link":"https:\/\/www.caririemacao.com\/1\/2019\/06\/26\/prefeito-da-prata-solicita-recuperacao-da-rodovia-antonio-mariz-2\/","title":{"rendered":"Prefeito da Prata solicita recupera\u00e7\u00e3o da Rodovia Antonio Mariz"},"content":{"rendered":"\n<p>Atendendo pedido do prefeito da Prata, J\u00fanior N\u00f3brega, o DER iniciou recupera\u00e7\u00e3o do asfalto da rodovia que liga o Rancho dos Negros\/Prata at\u00e9 a cidade de Ouro Velho.De acordo com o prefeito, a rodovia tem muitos buracos e os motoristas estavam reclamando com o problema.Ele disse ainda que recentemente no DER solicitando a opera\u00e7\u00e3o tapa buraco para que o problema fosse solucionado. \u201cAgente ver que o governo estadual tem ouvido os prefeitos e atendido-os de forma que os problemas que surgem s\u00e3o imediatamente resolvidos\u201d, acrescentou.<\/p>\n\n\n\n<figure class=\"wp-block-image\"><img fetchpriority=\"high\" decoding=\"async\" width=\"300\" height=\"168\" src=\"http:\/\/www.caririemacao.com\/1\/wp-content\/uploads\/2019\/06\/image-2.jpeg\" alt=\"\" class=\"wp-image-102131\"\/><\/figure>\n","protected":false},"excerpt":{"rendered":"<p>Atendendo pedido do prefeito da Prata, J\u00fanior N\u00f3brega, o DER iniciou recupera\u00e7\u00e3o do asfalto da rodovia que liga o Rancho dos Negros\/Prata at\u00e9 a cidade&hellip; <\/p>\n","protected":false},"author":1,"featured_media":102131,"comment_status":"closed","ping_status":"closed","sticky":false,"template":"","format":"standard","meta":{"sfsi_plus_gutenberg_text_before_share":"","sfsi_plus_gutenberg_show_text_before_share":"","sfsi_plus_gutenberg_icon_type":"","sfsi_plus_gutenberg_icon_alignemt":"","sfsi_plus_gutenburg_max_per_row":"","footnotes":""},"categories":[6],"tags":[],"class_list":["post-102130","post","type-post","status-publish","format-standard","has-post-thumbnail","hentry","category-cidades"],"_links":{"self":[{"href":"https:\/\/www.caririemacao.com\/1\/wp-json\/wp\/v2\/posts\/102130","targetHints":{"allow":["GET"]}}],"collection":[{"href":"https:\/\/www.caririemacao.com\/1\/wp-json\/wp\/v2\/posts"}],"about":[{"href":"https:\/\/www.caririemacao.com\/1\/wp-json\/wp\/v2\/types\/post"}],"author":[{"embeddable":true,"href":"https:\/\/www.caririemacao.com\/1\/wp-json\/wp\/v2\/users\/1"}],"replies":[{"embeddable":true,"href":"https:\/\/www.caririemacao.com\/1\/wp-json\/wp\/v2\/comments?post=102130"}],"version-history":[{"count":1,"href":"https:\/\/www.caririemacao.com\/1\/wp-json\/wp\/v2\/posts\/102130\/revisions"}],"predecessor-version":[{"id":102134,"href":"https:\/\/www.caririemacao.com\/1\/wp-json\/wp\/v2\/posts\/102130\/revisions\/102134"}],"wp:featuredmedia":[{"embeddable":true,"href":"https:\/\/www.caririemacao.com\/1\/wp-json\/wp\/v2\/media\/102131"}],"wp:attachment":[{"href":"https:\/\/www.caririemacao.com\/1\/wp-json\/wp\/v2\/media?parent=102130"}],"wp:term":[{"taxonomy":"category","embeddable":true,"href":"https:\/\/www.caririemacao.com\/1\/wp-json\/wp\/v2\/categories?post=102130"},{"taxonomy":"post_tag","embeddable":true,"href":"https:\/\/www.caririemacao.com\/1\/wp-json\/wp\/v2\/tags?post=102130"}],"curies":[{"name":"wp","href":"https:\/\/api.w.org\/{rel}","templated":true}]}}