{"id":102138,"date":"2019-06-26T13:47:04","date_gmt":"2019-06-26T16:47:04","guid":{"rendered":"http:\/\/www.caririemacao.com\/1\/?p=102138"},"modified":"2019-06-26T13:47:04","modified_gmt":"2019-06-26T16:47:04","slug":"oab-ingressa-no-supremo-com-acao-contra-bloqueio-de-verbas-na-educacao","status":"publish","type":"post","link":"https:\/\/www.caririemacao.com\/1\/2019\/06\/26\/oab-ingressa-no-supremo-com-acao-contra-bloqueio-de-verbas-na-educacao\/","title":{"rendered":"OAB ingressa no Supremo com a\u00e7\u00e3o contra bloqueio de verbas na educa\u00e7\u00e3o"},"content":{"rendered":"\n<p><br>Enquanto o Nordeste fazia festa no (quase) feriad\u00e3o da \u00faltima semana, o Conselho Federal da OAB dava entrada no Supremo Tribunal Federal numa a\u00e7\u00e3o que pede a suspens\u00e3o imediata do bloqueio de verbas de universidades p\u00fablicas anunciados pelo ministro da Educa\u00e7\u00e3o, Abraham Weintraub.<\/p>\n\n\n\n<figure class=\"wp-block-image\"><img decoding=\"async\" data-src=\"https:\/\/paraibaonline.com.br\/wp-content\/uploads\/2019\/01\/sisu.jpg\" alt=\"Foto: Fabio Rodrigues Pozzebom\/Ag\u00eancia Brasil\" class=\"wp-image-563120 lazyload\" src=\"data:image\/svg+xml;base64,PHN2ZyB3aWR0aD0iMSIgaGVpZ2h0PSIxIiB4bWxucz0iaHR0cDovL3d3dy53My5vcmcvMjAwMC9zdmciPjwvc3ZnPg==\" \/><\/figure>\n\n\n\n<p>Foto: Fabio Rodrigues Pozzebom\/Ag\u00eancia Brasil<\/p>\n\n\n\n<p>Tese: \u201cA medida viola a autonomia das universidades\u201d.<\/p>\n\n\n\n<p>*fonte: coluna Aparte, assinada pelo jornalista Arimat\u00e9a Souza no paraibaonline.com.br<\/p>\n","protected":false},"excerpt":{"rendered":"<p>Enquanto o Nordeste fazia festa no (quase) feriad\u00e3o da \u00faltima semana, o Conselho Federal da OAB dava entrada no Supremo Tribunal Federal numa a\u00e7\u00e3o que&hellip; <\/p>\n","protected":false},"author":1,"featured_media":41434,"comment_status":"closed","ping_status":"closed","sticky":false,"template":"","format":"standard","meta":{"sfsi_plus_gutenberg_text_before_share":"","sfsi_plus_gutenberg_show_text_before_share":"","sfsi_plus_gutenberg_icon_type":"","sfsi_plus_gutenberg_icon_alignemt":"","sfsi_plus_gutenburg_max_per_row":"","footnotes":""},"categories":[2],"tags":[],"class_list":["post-102138","post","type-post","status-publish","format-standard","has-post-thumbnail","hentry","category-geral"],"_links":{"self":[{"href":"https:\/\/www.caririemacao.com\/1\/wp-json\/wp\/v2\/posts\/102138","targetHints":{"allow":["GET"]}}],"collection":[{"href":"https:\/\/www.caririemacao.com\/1\/wp-json\/wp\/v2\/posts"}],"about":[{"href":"https:\/\/www.caririemacao.com\/1\/wp-json\/wp\/v2\/types\/post"}],"author":[{"embeddable":true,"href":"https:\/\/www.caririemacao.com\/1\/wp-json\/wp\/v2\/users\/1"}],"replies":[{"embeddable":true,"href":"https:\/\/www.caririemacao.com\/1\/wp-json\/wp\/v2\/comments?post=102138"}],"version-history":[{"count":1,"href":"https:\/\/www.caririemacao.com\/1\/wp-json\/wp\/v2\/posts\/102138\/revisions"}],"predecessor-version":[{"id":102140,"href":"https:\/\/www.caririemacao.com\/1\/wp-json\/wp\/v2\/posts\/102138\/revisions\/102140"}],"wp:featuredmedia":[{"embeddable":true,"href":"https:\/\/www.caririemacao.com\/1\/wp-json\/wp\/v2\/media\/41434"}],"wp:attachment":[{"href":"https:\/\/www.caririemacao.com\/1\/wp-json\/wp\/v2\/media?parent=102138"}],"wp:term":[{"taxonomy":"category","embeddable":true,"href":"https:\/\/www.caririemacao.com\/1\/wp-json\/wp\/v2\/categories?post=102138"},{"taxonomy":"post_tag","embeddable":true,"href":"https:\/\/www.caririemacao.com\/1\/wp-json\/wp\/v2\/tags?post=102138"}],"curies":[{"name":"wp","href":"https:\/\/api.w.org\/{rel}","templated":true}]}}