{"id":102144,"date":"2019-06-26T13:52:04","date_gmt":"2019-06-26T16:52:04","guid":{"rendered":"http:\/\/www.caririemacao.com\/1\/?p=102144"},"modified":"2019-06-26T13:52:04","modified_gmt":"2019-06-26T16:52:04","slug":"destrocos-do-aviao-de-acidente-que-matou-gabriel-diniz-foram-vendidos-por-r-340-a-ferro-velho","status":"publish","type":"post","link":"https:\/\/www.caririemacao.com\/1\/2019\/06\/26\/destrocos-do-aviao-de-acidente-que-matou-gabriel-diniz-foram-vendidos-por-r-340-a-ferro-velho\/","title":{"rendered":"Destro\u00e7os do avi\u00e3o de acidente que matou Gabriel Diniz foram vendidos por R$ 340 a ferro-velho"},"content":{"rendered":"\n<p>Depois que a Pol\u00edcia Federal recolheu as partes do avi\u00e3o que interessavam \u00e0 investiga\u00e7\u00e3o do acidente que matou o sertanejo Gabriel Diniz, os destro\u00e7os foram devolvidos ao Aeroclube de Alagoas. E a decis\u00e3o do grupo foi encaminhar os restos do avi\u00e3o ao ferro velho de Sergipe.<\/p>\n\n\n\n<p>Em entrevista, a propriet\u00e1ria do Ferro-velho informou que comprou os destro\u00e7os pelo valor de R$ 340.<br><\/p>\n\n\n\n<p>A PF informou que as investiga\u00e7\u00f5es ainda continuam e que &#8220;n\u00e3o h\u00e1 prazo para conclus\u00e3o dos laudos da Pol\u00edcia Federal e da Aeron\u00e1utica acerca das poss\u00edveis causas da queda&#8221;.<\/p>\n\n\n\n<p>A venda dos destro\u00e7os do avi\u00e3o a um dep\u00f3sito de material recicl\u00e1vel em Aracaju foi noticiada pelo G1 de Sergipe e, por isso, a PF desconhecia a informa\u00e7\u00e3o. Em nota, o \u00f3rg\u00e3o deixa claro que todo o material que interessava \u00e0 pol\u00edcia j\u00e1 est\u00e1 em an\u00e1lise.<\/p>\n\n\n\n<p>Gabriel, do hit &#8220;Jenifer&#8221;, estava indo se encontrar com a namorada e a fam\u00edlia em Macei\u00f3 (AL) quando aconteceu o acidente. Ele namorava com Karoline Calheiros h\u00e1 cerca de dois anos e iria comemorar o anivers\u00e1rio de 25 anos dela. O cantor estava dentro de um monomotor que saiu de Salvador (BA) com destino a Macei\u00f3.&nbsp;Documentos dele, como o passaporte, foram encontrados na regi\u00e3o do acidente.&nbsp;<\/p>\n\n\n\n<p>A aeronave n\u00e3o tinha autoriza\u00e7\u00e3o para fazer t\u00e1xi a\u00e9reo. Segundo informa\u00e7\u00f5es da Anac (Ag\u00eancia Nacional de Avia\u00e7\u00e3o Civil), o monomotor \u00e9 do Aeroclube de Alagoas e tinha a autoriza\u00e7\u00e3o apenas para fazer voos de instru\u00e7\u00e3o.&nbsp;<\/p>\n\n\n\n<p>Ainda de acordo com a ag\u00eancia, a aeronave tinha o Certificado de Aeronavegabilidade, ou seja, autoriza\u00e7\u00e3o para voar, at\u00e9 2023. A inspe\u00e7\u00e3o mec\u00e2nica do monomotor tamb\u00e9m estava em dia e vigente at\u00e9 2020.<\/p>\n\n\n\n<p>O monomotor Piper, modelo PA-28-180, tinha o prefixo PT-KLO. A aeronave foi fabricada em 1974 e tinha a capacidade para o transporte de apenas tr\u00eas passageiros, mais o piloto.<\/p>\n","protected":false},"excerpt":{"rendered":"<p>Depois que a Pol\u00edcia Federal recolheu as partes do avi\u00e3o que interessavam \u00e0 investiga\u00e7\u00e3o do acidente que matou o sertanejo Gabriel Diniz, os destro\u00e7os foram&hellip; <\/p>\n","protected":false},"author":1,"featured_media":102145,"comment_status":"closed","ping_status":"closed","sticky":false,"template":"","format":"standard","meta":{"sfsi_plus_gutenberg_text_before_share":"","sfsi_plus_gutenberg_show_text_before_share":"","sfsi_plus_gutenberg_icon_type":"","sfsi_plus_gutenberg_icon_alignemt":"","sfsi_plus_gutenburg_max_per_row":"","footnotes":""},"categories":[2],"tags":[],"class_list":["post-102144","post","type-post","status-publish","format-standard","has-post-thumbnail","hentry","category-geral"],"_links":{"self":[{"href":"https:\/\/www.caririemacao.com\/1\/wp-json\/wp\/v2\/posts\/102144","targetHints":{"allow":["GET"]}}],"collection":[{"href":"https:\/\/www.caririemacao.com\/1\/wp-json\/wp\/v2\/posts"}],"about":[{"href":"https:\/\/www.caririemacao.com\/1\/wp-json\/wp\/v2\/types\/post"}],"author":[{"embeddable":true,"href":"https:\/\/www.caririemacao.com\/1\/wp-json\/wp\/v2\/users\/1"}],"replies":[{"embeddable":true,"href":"https:\/\/www.caririemacao.com\/1\/wp-json\/wp\/v2\/comments?post=102144"}],"version-history":[{"count":1,"href":"https:\/\/www.caririemacao.com\/1\/wp-json\/wp\/v2\/posts\/102144\/revisions"}],"predecessor-version":[{"id":102146,"href":"https:\/\/www.caririemacao.com\/1\/wp-json\/wp\/v2\/posts\/102144\/revisions\/102146"}],"wp:featuredmedia":[{"embeddable":true,"href":"https:\/\/www.caririemacao.com\/1\/wp-json\/wp\/v2\/media\/102145"}],"wp:attachment":[{"href":"https:\/\/www.caririemacao.com\/1\/wp-json\/wp\/v2\/media?parent=102144"}],"wp:term":[{"taxonomy":"category","embeddable":true,"href":"https:\/\/www.caririemacao.com\/1\/wp-json\/wp\/v2\/categories?post=102144"},{"taxonomy":"post_tag","embeddable":true,"href":"https:\/\/www.caririemacao.com\/1\/wp-json\/wp\/v2\/tags?post=102144"}],"curies":[{"name":"wp","href":"https:\/\/api.w.org\/{rel}","templated":true}]}}