{"id":102148,"date":"2019-06-26T13:57:05","date_gmt":"2019-06-26T16:57:05","guid":{"rendered":"http:\/\/www.caririemacao.com\/1\/?p=102148"},"modified":"2019-06-26T13:57:05","modified_gmt":"2019-06-26T16:57:05","slug":"dinheiro-pago-indevidamente-ao-bolsa-familia-na-pb-e-recuperado-melo-ministerio-da-cidadania","status":"publish","type":"post","link":"https:\/\/www.caririemacao.com\/1\/2019\/06\/26\/dinheiro-pago-indevidamente-ao-bolsa-familia-na-pb-e-recuperado-melo-ministerio-da-cidadania\/","title":{"rendered":"Dinheiro pago indevidamente ao Bolsa Fam\u00edlia na PB \u00e9 recuperado melo Minist\u00e9rio da Cidadania"},"content":{"rendered":"\n<p>O Minist\u00e9rio da Cidadania recuperou R$ 27.158,49 de 15 benefici\u00e1rios do Bolsa Fam\u00edlia na Para\u00edba que estavam recebendo o dinheiro indevidamente. \u00c9 a primeira vez que o governo federal consegue reaver recursos que estavam sendo pagos a pessoas que n\u00e3o atendiam mais aos crit\u00e9rios de elegibilidade do programa. O montante voltar\u00e1 agora aos cofres p\u00fablicos da Uni\u00e3o.&nbsp;No Nordeste, a quantia foi de R$ 377,4 mil de 299 benefici\u00e1rios.<\/p>\n\n\n\n<p>A cobran\u00e7a de ressarcimento de valores do Bolsa Fam\u00edlia \u00e9 fruto do cruzamento de dados realizado pelo Tribunal de Contas da Uni\u00e3o (TCU), iniciado em 2018. O levantamento mostrou que as fam\u00edlias tinham renda maior do que a declarada no Cadastro \u00danico para Programas Sociais do Governo Federal.&nbsp;<\/p>\n\n\n\n<p>Para o ministro da Cidadania, Osmar Terra, a inciativa mostra o empenho do Estado em combater as irregularidades e garantir que os recursos cheguem a quem realmente precisa.<\/p>\n\n\n\n<p>\u201c\u00c9 uma mudan\u00e7a na conduta em rela\u00e7\u00e3o ao Bolsa Fam\u00edlia, embora no universo do programa n\u00e3o seja uma quantidade muito grande. \u00c9 uma a\u00e7\u00e3o educadora, inclusive, mostrando para a popula\u00e7\u00e3o que esse dinheiro \u00e9 para ser aplicado em favor dos mais pobres, para quem n\u00e3o tem alternativa e, ao mesmo tempo, fazer justi\u00e7a aos cofres p\u00fablicos, n\u00e3o usando dinheiro p\u00fablico indevidamente\u201d, avalia. Terra lembra ainda que o governo federal realiza todos os meses o cruzamento de informa\u00e7\u00f5es com diversas bases de dados do governo federal.&nbsp;<\/p>\n\n\n\n<p>As fam\u00edlias que n\u00e3o apresentaram defesa e n\u00e3o pagaram a Guia de Recolhimento da Uni\u00e3o (GRU) ser\u00e3o inclu\u00eddas na D\u00edvida Ativa da Uni\u00e3o e impedidas de ingressar no Bolsa Fam\u00edlia, mesmo cumprindo os demais crit\u00e9rios de elegibilidade. Se ainda estiverem dentro do perfil, as fam\u00edlias que quitaram o d\u00e9bito poder\u00e3o ser selecionadas para retornar ao programa ap\u00f3s um ano.&nbsp;<\/p>\n\n\n\n<p>Em todo o Brasil, foram instaurados 2.663 processos administrativos para a cobran\u00e7a. At\u00e9 o momento, 748 casos foram pagos, o que representa R$ 927,3 mil.<\/p>\n","protected":false},"excerpt":{"rendered":"<p>O Minist\u00e9rio da Cidadania recuperou R$ 27.158,49 de 15 benefici\u00e1rios do Bolsa Fam\u00edlia na Para\u00edba que estavam recebendo o dinheiro indevidamente. \u00c9 a primeira vez&hellip; <\/p>\n","protected":false},"author":1,"featured_media":52955,"comment_status":"closed","ping_status":"closed","sticky":false,"template":"","format":"standard","meta":{"sfsi_plus_gutenberg_text_before_share":"","sfsi_plus_gutenberg_show_text_before_share":"","sfsi_plus_gutenberg_icon_type":"","sfsi_plus_gutenberg_icon_alignemt":"","sfsi_plus_gutenburg_max_per_row":"","footnotes":""},"categories":[2],"tags":[],"class_list":["post-102148","post","type-post","status-publish","format-standard","has-post-thumbnail","hentry","category-geral"],"_links":{"self":[{"href":"https:\/\/www.caririemacao.com\/1\/wp-json\/wp\/v2\/posts\/102148","targetHints":{"allow":["GET"]}}],"collection":[{"href":"https:\/\/www.caririemacao.com\/1\/wp-json\/wp\/v2\/posts"}],"about":[{"href":"https:\/\/www.caririemacao.com\/1\/wp-json\/wp\/v2\/types\/post"}],"author":[{"embeddable":true,"href":"https:\/\/www.caririemacao.com\/1\/wp-json\/wp\/v2\/users\/1"}],"replies":[{"embeddable":true,"href":"https:\/\/www.caririemacao.com\/1\/wp-json\/wp\/v2\/comments?post=102148"}],"version-history":[{"count":1,"href":"https:\/\/www.caririemacao.com\/1\/wp-json\/wp\/v2\/posts\/102148\/revisions"}],"predecessor-version":[{"id":102151,"href":"https:\/\/www.caririemacao.com\/1\/wp-json\/wp\/v2\/posts\/102148\/revisions\/102151"}],"wp:featuredmedia":[{"embeddable":true,"href":"https:\/\/www.caririemacao.com\/1\/wp-json\/wp\/v2\/media\/52955"}],"wp:attachment":[{"href":"https:\/\/www.caririemacao.com\/1\/wp-json\/wp\/v2\/media?parent=102148"}],"wp:term":[{"taxonomy":"category","embeddable":true,"href":"https:\/\/www.caririemacao.com\/1\/wp-json\/wp\/v2\/categories?post=102148"},{"taxonomy":"post_tag","embeddable":true,"href":"https:\/\/www.caririemacao.com\/1\/wp-json\/wp\/v2\/tags?post=102148"}],"curies":[{"name":"wp","href":"https:\/\/api.w.org\/{rel}","templated":true}]}}