{"id":102155,"date":"2019-06-26T14:01:10","date_gmt":"2019-06-26T17:01:10","guid":{"rendered":"http:\/\/www.caririemacao.com\/1\/?p=102155"},"modified":"2019-06-26T14:02:40","modified_gmt":"2019-06-26T17:02:40","slug":"sume-oferece-capacitacao-em-pre-natal-para-profissionais-da-saude-do-municipio","status":"publish","type":"post","link":"https:\/\/www.caririemacao.com\/1\/2019\/06\/26\/sume-oferece-capacitacao-em-pre-natal-para-profissionais-da-saude-do-municipio\/","title":{"rendered":"Sum\u00e9 oferece capacita\u00e7\u00e3o em pr\u00e9-natal para profissionais da sa\u00fade do munic\u00edpio"},"content":{"rendered":"\n<p>Visando oferecer um atendimento cada vez melhor para a popula\u00e7\u00e3o, a Prefeitura de Sum\u00e9, por meio da Secretaria Municipal de Sa\u00fade, promove uma capacita\u00e7\u00e3o sobre Sa\u00fade da Mulher, atualiza\u00e7\u00e3o em pr\u00e9-natal, para m\u00e9dicos, enfermeiros e odontol\u00f3gicos do Estrat\u00e9gia Sa\u00fade da Fam\u00edlia.<\/p>\n\n\n\n<p>O curso ocorrer\u00e1 no dia 02 de julho de 2019, das 8h \u00e0s 17h, no audit\u00f3rio da secretaria de Educa\u00e7\u00e3o e ter\u00e1 como ministrantes os m\u00e9dicos e professores da UFPB, dr. Eduardo S\u00e9rgio Soares e dr. Mois\u00e9s Diogo de Lima.<\/p>\n\n\n\n<p>No conte\u00fado program\u00e1tico, constam os seguintes assuntos:<\/p>\n\n\n\n<p>1) Morte Materna<\/p>\n\n\n\n<p>2) Pr\u00e9-Natal<\/p>\n\n\n\n<p>3) S\u00edndromes Hipertensivas<\/p>\n\n\n\n<p>4) Diabetes Gestacional<\/p>\n\n\n\n<p>O treinamento faz parte de uma atualiza\u00e7\u00e3o constante dos profissionais da rede municipal de sa\u00fade tendo como foco oferecer uma educa\u00e7\u00e3o permanente e continuada com qualidade e humaniza\u00e7\u00e3o \u00e0s necessidades de sa\u00fade das mulheres nos cuidados do pr\u00e9-natal.<\/p>\n\n\n\n<p>Ascom<\/p>\n","protected":false},"excerpt":{"rendered":"<p>Visando oferecer um atendimento cada vez melhor para a popula\u00e7\u00e3o, a Prefeitura de Sum\u00e9, por meio da Secretaria Municipal de Sa\u00fade, promove uma capacita\u00e7\u00e3o sobre&hellip; <\/p>\n","protected":false},"author":1,"featured_media":23629,"comment_status":"closed","ping_status":"closed","sticky":false,"template":"","format":"standard","meta":{"sfsi_plus_gutenberg_text_before_share":"","sfsi_plus_gutenberg_show_text_before_share":"","sfsi_plus_gutenberg_icon_type":"","sfsi_plus_gutenberg_icon_alignemt":"","sfsi_plus_gutenburg_max_per_row":"","footnotes":""},"categories":[6,50],"tags":[],"class_list":["post-102155","post","type-post","status-publish","format-standard","has-post-thumbnail","hentry","category-cidades","category-destaque"],"_links":{"self":[{"href":"https:\/\/www.caririemacao.com\/1\/wp-json\/wp\/v2\/posts\/102155","targetHints":{"allow":["GET"]}}],"collection":[{"href":"https:\/\/www.caririemacao.com\/1\/wp-json\/wp\/v2\/posts"}],"about":[{"href":"https:\/\/www.caririemacao.com\/1\/wp-json\/wp\/v2\/types\/post"}],"author":[{"embeddable":true,"href":"https:\/\/www.caririemacao.com\/1\/wp-json\/wp\/v2\/users\/1"}],"replies":[{"embeddable":true,"href":"https:\/\/www.caririemacao.com\/1\/wp-json\/wp\/v2\/comments?post=102155"}],"version-history":[{"count":1,"href":"https:\/\/www.caririemacao.com\/1\/wp-json\/wp\/v2\/posts\/102155\/revisions"}],"predecessor-version":[{"id":102159,"href":"https:\/\/www.caririemacao.com\/1\/wp-json\/wp\/v2\/posts\/102155\/revisions\/102159"}],"wp:featuredmedia":[{"embeddable":true,"href":"https:\/\/www.caririemacao.com\/1\/wp-json\/wp\/v2\/media\/23629"}],"wp:attachment":[{"href":"https:\/\/www.caririemacao.com\/1\/wp-json\/wp\/v2\/media?parent=102155"}],"wp:term":[{"taxonomy":"category","embeddable":true,"href":"https:\/\/www.caririemacao.com\/1\/wp-json\/wp\/v2\/categories?post=102155"},{"taxonomy":"post_tag","embeddable":true,"href":"https:\/\/www.caririemacao.com\/1\/wp-json\/wp\/v2\/tags?post=102155"}],"curies":[{"name":"wp","href":"https:\/\/api.w.org\/{rel}","templated":true}]}}