{"id":102157,"date":"2019-06-26T14:01:33","date_gmt":"2019-06-26T17:01:33","guid":{"rendered":"http:\/\/www.caririemacao.com\/1\/?p=102157"},"modified":"2019-06-26T14:01:33","modified_gmt":"2019-06-26T17:01:33","slug":"adolescentes-torturam-e-matam-garota-por-causa-de-ciumes-divulgam-video-e-sao-apreendidas","status":"publish","type":"post","link":"https:\/\/www.caririemacao.com\/1\/2019\/06\/26\/adolescentes-torturam-e-matam-garota-por-causa-de-ciumes-divulgam-video-e-sao-apreendidas\/","title":{"rendered":"Adolescentes torturam e matam garota por causa de ci\u00fames, divulgam v\u00eddeo e s\u00e3o apreendidas"},"content":{"rendered":"\n<p>Duas adolescentes foram apreendidas pela Pol\u00edcia Civil,\nnesta ter\u00e7a-feira (25), por terem torturado e matado uma garota de 14 anos, na\nPraia de Maria Farinha, em&nbsp;Paulista, no Grande Recife. As jovens, que t\u00eam\n15 anos, segundo a Pol\u00edcia Civil, registraram as agress\u00f5es com o celular e\npublicaram as imagens nas redes sociais. O crime foi motivado por ci\u00fames.<\/p>\n\n\n\n<p>As duas garotas, segundo a pol\u00edcia, agrediram a v\u00edtima com\nsocos e pontap\u00e9s, deram golpes de faca, e tentam afog\u00e1-la no mar. O delegado\nAugusto Cunha afirmou que a v\u00edtima \u00e9 ex-namorada de uma das garotas, a que\nfilmou a agress\u00e3o.<\/p>\n\n\n\n<p><em>&#8220;A outra, que aparece\nno v\u00eddeo praticando a maioria das agress\u00f5es, seria atual da outra agressora.\nEssas informa\u00e7\u00f5es s\u00e3o preliminares\u201d, diz o policial, que fez a primeira\ninvestiga\u00e7\u00e3o no local do crime.<\/em><\/p>\n\n\n\n<p>Nas imagens divulgadas pela internet, \u00e9 poss\u00edvel ver a\nv\u00edtima sendo espancada. A garota est\u00e1 vestida com roupas da Rede Municipal de\nEnsino do Recife. A blusa dela est\u00e1 ensanguentada, por causa das agress\u00f5es\nsofridas.<\/p>\n\n\n\n<p>As adolescentes foram levadas \u00e0 Delegacia de Maria Farinha,\nonde foram ouvidas pelo delegado \u00c1lvaro Muniz. O caso, segundo a pol\u00edcia,\nocorreu pela manh\u00e3 e as duas garotas foram apreendidas durante a tarde. As duas\ngarotas foram autuadas em flagrante por ato infracional equiparado a homic\u00eddio.<\/p>\n","protected":false},"excerpt":{"rendered":"<p>Duas adolescentes foram apreendidas pela Pol\u00edcia Civil, nesta ter\u00e7a-feira (25), por terem torturado e matado uma garota de 14 anos, na Praia de Maria Farinha,&hellip; <\/p>\n","protected":false},"author":2,"featured_media":102158,"comment_status":"closed","ping_status":"closed","sticky":false,"template":"","format":"standard","meta":{"sfsi_plus_gutenberg_text_before_share":"","sfsi_plus_gutenberg_show_text_before_share":"","sfsi_plus_gutenberg_icon_type":"","sfsi_plus_gutenberg_icon_alignemt":"","sfsi_plus_gutenburg_max_per_row":"","footnotes":""},"categories":[50,12],"tags":[],"class_list":["post-102157","post","type-post","status-publish","format-standard","has-post-thumbnail","hentry","category-destaque","category-policia"],"_links":{"self":[{"href":"https:\/\/www.caririemacao.com\/1\/wp-json\/wp\/v2\/posts\/102157","targetHints":{"allow":["GET"]}}],"collection":[{"href":"https:\/\/www.caririemacao.com\/1\/wp-json\/wp\/v2\/posts"}],"about":[{"href":"https:\/\/www.caririemacao.com\/1\/wp-json\/wp\/v2\/types\/post"}],"author":[{"embeddable":true,"href":"https:\/\/www.caririemacao.com\/1\/wp-json\/wp\/v2\/users\/2"}],"replies":[{"embeddable":true,"href":"https:\/\/www.caririemacao.com\/1\/wp-json\/wp\/v2\/comments?post=102157"}],"version-history":[{"count":1,"href":"https:\/\/www.caririemacao.com\/1\/wp-json\/wp\/v2\/posts\/102157\/revisions"}],"predecessor-version":[{"id":102163,"href":"https:\/\/www.caririemacao.com\/1\/wp-json\/wp\/v2\/posts\/102157\/revisions\/102163"}],"wp:featuredmedia":[{"embeddable":true,"href":"https:\/\/www.caririemacao.com\/1\/wp-json\/wp\/v2\/media\/102158"}],"wp:attachment":[{"href":"https:\/\/www.caririemacao.com\/1\/wp-json\/wp\/v2\/media?parent=102157"}],"wp:term":[{"taxonomy":"category","embeddable":true,"href":"https:\/\/www.caririemacao.com\/1\/wp-json\/wp\/v2\/categories?post=102157"},{"taxonomy":"post_tag","embeddable":true,"href":"https:\/\/www.caririemacao.com\/1\/wp-json\/wp\/v2\/tags?post=102157"}],"curies":[{"name":"wp","href":"https:\/\/api.w.org\/{rel}","templated":true}]}}