{"id":102165,"date":"2019-06-26T14:04:55","date_gmt":"2019-06-26T17:04:55","guid":{"rendered":"http:\/\/www.caririemacao.com\/1\/?p=102165"},"modified":"2019-06-26T14:06:43","modified_gmt":"2019-06-26T17:06:43","slug":"sao-joao-de-sume-vai-ate-dia-29-com-muito-forro-pe-de-serra","status":"publish","type":"post","link":"https:\/\/www.caririemacao.com\/1\/2019\/06\/26\/sao-joao-de-sume-vai-ate-dia-29-com-muito-forro-pe-de-serra\/","title":{"rendered":"S\u00e3o Jo\u00e3o de Sum\u00e9 vai at\u00e9 dia 29 com muito forr\u00f3 p\u00e9 de serra"},"content":{"rendered":"\n<div class=\"wp-block-image\"><figure class=\"alignleft\"><a href=\"http:\/\/www.sume.pb.gov.br\/wp-content\/uploads\/2019\/06\/64770124_1287804768048779_5725249147108327424_n.jpg\"><img decoding=\"async\" data-src=\"http:\/\/www.sume.pb.gov.br\/wp-content\/uploads\/2019\/06\/64770124_1287804768048779_5725249147108327424_n-300x200.jpg\" alt=\"\" class=\"wp-image-8176 lazyload\" src=\"data:image\/svg+xml;base64,PHN2ZyB3aWR0aD0iMSIgaGVpZ2h0PSIxIiB4bWxucz0iaHR0cDovL3d3dy53My5vcmcvMjAwMC9zdmciPjwvc3ZnPg==\" style=\"--smush-placeholder-width: 300px; --smush-placeholder-aspect-ratio: 300\/200;\" \/><\/a><\/figure><\/div>\n\n\n\n<p><\/p>\n\n\n\n<p>Sum\u00e9 se tornou no \u00faltimo final de semana, a capital paraibana do aut\u00eantico forr\u00f3 com tr\u00eas dias de apresenta\u00e7\u00f5es de grandes nomes no palco principal da Pra\u00e7a Jos\u00e9 Am\u00e9rico. Nas festas juninas do munic\u00edpio passaram nomes como Fl\u00e1vio Leandro, Waldonys, Irah Caldeira, Os Gonzagas, Dejinha de Monteiro<\/p>\n\n\n\n<p>Na sexta-feira (21\/06), o grupo caririzeiro Forr\u00f3 Gente Boa foi a primeira atra\u00e7\u00e3o da noite com um repert\u00f3rio variado. A segunda atra\u00e7\u00e3o foi Fl\u00e1vio Leandro, conhecido por suas bel\u00edssimas composi\u00e7\u00f5es, o cantor pernambucano fez um show empolgante com can\u00e7\u00f5es que retratam o nordeste brasileiro.<\/p>\n\n\n\n<div class=\"wp-block-image\"><figure class=\"alignright\"><a href=\"http:\/\/www.sume.pb.gov.br\/wp-content\/uploads\/2019\/06\/64992418_1287807261381863_8157171930613415936_n.jpg\"><img decoding=\"async\" data-src=\"http:\/\/www.sume.pb.gov.br\/wp-content\/uploads\/2019\/06\/64992418_1287807261381863_8157171930613415936_n-300x200.jpg\" alt=\"\" class=\"wp-image-8177 lazyload\" src=\"data:image\/svg+xml;base64,PHN2ZyB3aWR0aD0iMSIgaGVpZ2h0PSIxIiB4bWxucz0iaHR0cDovL3d3dy53My5vcmcvMjAwMC9zdmciPjwvc3ZnPg==\" style=\"--smush-placeholder-width: 300px; --smush-placeholder-aspect-ratio: 300\/200;\" \/><\/a><\/figure><\/div>\n\n\n\n<p>No s\u00e1bado, dia 22, o S\u00e3o Jo\u00e3o de Sum\u00e9 registrou recorde de p\u00fablico, \u00e0s 22h quando Dejinha de Monteiro subiu ao palco, a pra\u00e7a j\u00e1 estava lotada para acompanhar o cantor que j\u00e1 \u00e9 presen\u00e7a garantida nos festejos juninos do munic\u00edpio. Fechando a noite, a mineira Irah Caldeira fez sua estreia no Cariri, com uma voz marcante, trouxe em sua apresenta\u00e7\u00e3o uma mistura de ritmos, retratando as regi\u00f5es brasileiras.<\/p>\n\n\n\n<p>No domingo, 23, \u00faltimo dia dos shows no palco principal, foi a vez de Sum\u00e9 receber Os Gonzagas, grupo paraibano que surgiu em 2012 e ganhou notoriedade ao participar do programa Super Stars, da Rede Globo. Encerrando as apresenta\u00e7\u00f5es, a prata da casa, a banda Forr\u00f3 Kent, tocou muito forr\u00f3 at\u00e9 \u00e0s 3h, deixando no ar j\u00e1 a saudade do S\u00e3o Jo\u00e3o 2019.<\/p>\n\n\n\n<div class=\"wp-block-image\"><figure class=\"alignleft\"><a href=\"http:\/\/www.sume.pb.gov.br\/wp-content\/uploads\/2019\/06\/65197340_1288066334689289_6333350640013541376_n.jpg\"><img decoding=\"async\" data-src=\"http:\/\/www.sume.pb.gov.br\/wp-content\/uploads\/2019\/06\/65197340_1288066334689289_6333350640013541376_n-300x200.jpg\" alt=\"\" class=\"wp-image-8179 lazyload\" src=\"data:image\/svg+xml;base64,PHN2ZyB3aWR0aD0iMSIgaGVpZ2h0PSIxIiB4bWxucz0iaHR0cDovL3d3dy53My5vcmcvMjAwMC9zdmciPjwvc3ZnPg==\" style=\"--smush-placeholder-width: 300px; --smush-placeholder-aspect-ratio: 300\/200;\" \/><\/a><\/figure><\/div>\n\n\n\n<p>Todas as noites, a pra\u00e7a Jos\u00e9 Am\u00e9rico recebeu um grande p\u00fablico para acompanhar os shows, as apresenta\u00e7\u00f5es culturais e as quadrilhas juninas. Neste per\u00edodo, a cidade recebeu um grande n\u00famero de turistas e de sumeenses que moram em outras cidades e que est\u00e3o escolhendo o m\u00eas de junho para passar as f\u00e9rias e aproveitar as festas juninas do munic\u00edpio, que vem crescendo a cada ano.<\/p>\n\n\n\n<p>Com planejamento e organiza\u00e7\u00e3o, a Prefeitura conseguiu proporcionar aos sumeenses bons momentos de cultura e de lazer durante este m\u00eas. As festas aconteceram com total seguran\u00e7a, tendo a presen\u00e7a maci\u00e7a da Pol\u00edcia Militar, seguran\u00e7as particulares, bombeiros civis, c\u00e2meras de monitoramento, equipes do Samu e com destaque ainda para a pontualidade nas apresenta\u00e7\u00f5es das bandas.<\/p>\n\n\n\n<p>A transmiss\u00e3o dos shows, em alta defini\u00e7\u00e3o pela HMais Produtora, no facebook da Prefeitura, tamb\u00e9m foi um dos pontos fortes do S\u00e3o Jo\u00e3o, alcan\u00e7ando milhares de pessoas que n\u00e3o puderam estar presentes no evento, mas que interagiram com a festa.<\/p>\n\n\n\n<div class=\"wp-block-image\"><figure class=\"alignright\"><a href=\"http:\/\/www.sume.pb.gov.br\/wp-content\/uploads\/2019\/06\/64789650_1287065874789335_3980485701778014208_n.jpg\"><img decoding=\"async\" data-src=\"http:\/\/www.sume.pb.gov.br\/wp-content\/uploads\/2019\/06\/64789650_1287065874789335_3980485701778014208_n-300x199.jpg\" alt=\"\" class=\"wp-image-8178 lazyload\" src=\"data:image\/svg+xml;base64,PHN2ZyB3aWR0aD0iMSIgaGVpZ2h0PSIxIiB4bWxucz0iaHR0cDovL3d3dy53My5vcmcvMjAwMC9zdmciPjwvc3ZnPg==\" style=\"--smush-placeholder-width: 300px; --smush-placeholder-aspect-ratio: 300\/199;\" \/><\/a><\/figure><\/div>\n\n\n\n<p>O prefeito \u00c9den agradeceu \u00e0 sua equipe, que vem contribuindo para fazer do S\u00e3o Jo\u00e3o de Sum\u00e9 um dos melhores da Para\u00edba.&nbsp;<\/p>\n\n\n\n<p>At\u00e9 s\u00e1bado, 29 de junho, as barracas continuam funcionando com apresenta\u00e7\u00f5es de trios de forr\u00f3 p\u00e9 de serra.<\/p>\n\n\n\n<p>Ascom\/PMS<\/p>\n","protected":false},"excerpt":{"rendered":"<p>Sum\u00e9 se tornou no \u00faltimo final de semana, a capital paraibana do aut\u00eantico forr\u00f3 com tr\u00eas dias de apresenta\u00e7\u00f5es de grandes nomes no palco principal&hellip; <\/p>\n","protected":false},"author":1,"featured_media":90602,"comment_status":"closed","ping_status":"closed","sticky":false,"template":"","format":"standard","meta":{"sfsi_plus_gutenberg_text_before_share":"","sfsi_plus_gutenberg_show_text_before_share":"","sfsi_plus_gutenberg_icon_type":"","sfsi_plus_gutenberg_icon_alignemt":"","sfsi_plus_gutenburg_max_per_row":"","footnotes":""},"categories":[50,2],"tags":[],"class_list":["post-102165","post","type-post","status-publish","format-standard","has-post-thumbnail","hentry","category-destaque","category-geral"],"_links":{"self":[{"href":"https:\/\/www.caririemacao.com\/1\/wp-json\/wp\/v2\/posts\/102165","targetHints":{"allow":["GET"]}}],"collection":[{"href":"https:\/\/www.caririemacao.com\/1\/wp-json\/wp\/v2\/posts"}],"about":[{"href":"https:\/\/www.caririemacao.com\/1\/wp-json\/wp\/v2\/types\/post"}],"author":[{"embeddable":true,"href":"https:\/\/www.caririemacao.com\/1\/wp-json\/wp\/v2\/users\/1"}],"replies":[{"embeddable":true,"href":"https:\/\/www.caririemacao.com\/1\/wp-json\/wp\/v2\/comments?post=102165"}],"version-history":[{"count":2,"href":"https:\/\/www.caririemacao.com\/1\/wp-json\/wp\/v2\/posts\/102165\/revisions"}],"predecessor-version":[{"id":102173,"href":"https:\/\/www.caririemacao.com\/1\/wp-json\/wp\/v2\/posts\/102165\/revisions\/102173"}],"wp:featuredmedia":[{"embeddable":true,"href":"https:\/\/www.caririemacao.com\/1\/wp-json\/wp\/v2\/media\/90602"}],"wp:attachment":[{"href":"https:\/\/www.caririemacao.com\/1\/wp-json\/wp\/v2\/media?parent=102165"}],"wp:term":[{"taxonomy":"category","embeddable":true,"href":"https:\/\/www.caririemacao.com\/1\/wp-json\/wp\/v2\/categories?post=102165"},{"taxonomy":"post_tag","embeddable":true,"href":"https:\/\/www.caririemacao.com\/1\/wp-json\/wp\/v2\/tags?post=102165"}],"curies":[{"name":"wp","href":"https:\/\/api.w.org\/{rel}","templated":true}]}}