{"id":102190,"date":"2019-06-26T16:45:45","date_gmt":"2019-06-26T19:45:45","guid":{"rendered":"http:\/\/www.caririemacao.com\/1\/?p=102190"},"modified":"2019-06-26T16:45:45","modified_gmt":"2019-06-26T19:45:45","slug":"prefeitura-de-sume-vai-realizar-concurso-publico-e-define-cpcon-como-banca-organizadora","status":"publish","type":"post","link":"https:\/\/www.caririemacao.com\/1\/2019\/06\/26\/prefeitura-de-sume-vai-realizar-concurso-publico-e-define-cpcon-como-banca-organizadora\/","title":{"rendered":"Prefeitura de Sum\u00e9 vai realizar concurso p\u00fablico e define CPCON como banca organizadora"},"content":{"rendered":"\n<p>A Prefeitura de Sum\u00e9, no Cariri do Estado, contratou uma banca para organizar o concurso p\u00fablico para provimento de vagas no seu quadro de pessoal. A edi\u00e7\u00e3o desta quarta-feira (26) do Di\u00e1rio Oficial do Estado trouxe a publica\u00e7\u00e3o da Prefeitura de Sum\u00e9 dispensando o processo de licita\u00e7\u00e3o para contratar a banca organizadora.<\/p>\n\n\n\n<p>Foi contratada a Comiss\u00e3o Permanente de Concursos (CPCON), ligada \u00e0 Universidade Estadual da Para\u00edba (UEPB), como respons\u00e1vel pelo certame. O valor a ser pago \u00e0 CPCON para realizar todas as etapas do concurso \u00e9 de R$ 190 mil, de acordo com o texto publicado.<\/p>\n\n\n\n<p>A Prefeitura de Sum\u00e9 pretende agora \u201cafinar o discurso com a institui\u00e7\u00e3o para a publica\u00e7\u00e3o do edital\u201d, de acordo com o chefe de gabinete Jeandro Rafael, em entrevista ao ClickPB. Ele informou ainda que at\u00e9 o momento n\u00e3o h\u00e1 o levantamento de quantas vagas e cargos dever\u00e3o ser oferecidos no certame, mas em breve, estes dados estar\u00e3o dispon\u00edveis.<\/p>\n\n\n\n<p>A expectativa \u00e9 de que sejam disponibilizadas muitas vagas para v\u00e1rios cargos de diferentes n\u00edveis de escolaridade. O \u00faltimo certame lan\u00e7ado pela Prefeitura de Sum\u00e9 aconteceu no ano de 2017, quando foram oferecidas 70 vagas. Na \u00e9poca, havia vagas para magist\u00e9rio, motorista, cozinheiro, assistente de administra\u00e7\u00e3o, assistente social, cirurgi\u00e3o dentista, enfermeiro, fisioterapeuta, m\u00e9dico, psic\u00f3logo, t\u00e9cnico em enfermagem, t\u00e9cnico em radiologia, t\u00e9cnico em laborat\u00f3rio de an\u00e1lises cl\u00ednicas e t\u00e9cnico em sa\u00fade bucal.<strong>D<\/strong><\/p>\n\n\n\n<p><em>Com Click PB<\/em><\/p>\n","protected":false},"excerpt":{"rendered":"<p>A Prefeitura de Sum\u00e9, no Cariri do Estado, contratou uma banca para organizar o concurso p\u00fablico para provimento de vagas no seu quadro de pessoal.&hellip; <\/p>\n","protected":false},"author":1,"featured_media":96472,"comment_status":"closed","ping_status":"closed","sticky":false,"template":"","format":"standard","meta":{"sfsi_plus_gutenberg_text_before_share":"","sfsi_plus_gutenberg_show_text_before_share":"","sfsi_plus_gutenberg_icon_type":"","sfsi_plus_gutenberg_icon_alignemt":"","sfsi_plus_gutenburg_max_per_row":"","footnotes":""},"categories":[50,2],"tags":[],"class_list":["post-102190","post","type-post","status-publish","format-standard","has-post-thumbnail","hentry","category-destaque","category-geral"],"_links":{"self":[{"href":"https:\/\/www.caririemacao.com\/1\/wp-json\/wp\/v2\/posts\/102190","targetHints":{"allow":["GET"]}}],"collection":[{"href":"https:\/\/www.caririemacao.com\/1\/wp-json\/wp\/v2\/posts"}],"about":[{"href":"https:\/\/www.caririemacao.com\/1\/wp-json\/wp\/v2\/types\/post"}],"author":[{"embeddable":true,"href":"https:\/\/www.caririemacao.com\/1\/wp-json\/wp\/v2\/users\/1"}],"replies":[{"embeddable":true,"href":"https:\/\/www.caririemacao.com\/1\/wp-json\/wp\/v2\/comments?post=102190"}],"version-history":[{"count":1,"href":"https:\/\/www.caririemacao.com\/1\/wp-json\/wp\/v2\/posts\/102190\/revisions"}],"predecessor-version":[{"id":102192,"href":"https:\/\/www.caririemacao.com\/1\/wp-json\/wp\/v2\/posts\/102190\/revisions\/102192"}],"wp:featuredmedia":[{"embeddable":true,"href":"https:\/\/www.caririemacao.com\/1\/wp-json\/wp\/v2\/media\/96472"}],"wp:attachment":[{"href":"https:\/\/www.caririemacao.com\/1\/wp-json\/wp\/v2\/media?parent=102190"}],"wp:term":[{"taxonomy":"category","embeddable":true,"href":"https:\/\/www.caririemacao.com\/1\/wp-json\/wp\/v2\/categories?post=102190"},{"taxonomy":"post_tag","embeddable":true,"href":"https:\/\/www.caririemacao.com\/1\/wp-json\/wp\/v2\/tags?post=102190"}],"curies":[{"name":"wp","href":"https:\/\/api.w.org\/{rel}","templated":true}]}}