{"id":102195,"date":"2019-06-26T16:51:49","date_gmt":"2019-06-26T19:51:49","guid":{"rendered":"http:\/\/www.caririemacao.com\/1\/?p=102195"},"modified":"2019-06-26T16:51:49","modified_gmt":"2019-06-26T19:51:49","slug":"bolsonaro-e-listado-entre-fracassos-de-lideranca-em-documento-da-onu","status":"publish","type":"post","link":"https:\/\/www.caririemacao.com\/1\/2019\/06\/26\/bolsonaro-e-listado-entre-fracassos-de-lideranca-em-documento-da-onu\/","title":{"rendered":"Bolsonaro \u00e9 listado entre &#8216;fracassos de lideran\u00e7a&#8217; em documento da ONU"},"content":{"rendered":"\n<p>Em um documento publicado nesta ter\u00e7a-feira (25), o relator especial da ONU sobre pobreza extrema e direitos humanos , Philip Alston, fez duras cr\u00edticas ao presidente brasileiro, Jair Bolsonaro . O texto, que analisa o impacto das mudan\u00e7as clim\u00e1ticas na faixa mais pobre da popula\u00e7\u00e3o mundial, lista uma s\u00e9rie de l\u00edderes mundiais que s\u00e3o, nas palavras do especialista, \u201cum fracasso\u201d, e Bolsonaro \u00e9 o primeiro.<\/p>\n\n\n\n<p>\u201cAinda hoje, muitos pa\u00edses est\u00e3o dando passos de pouca vis\u00e3o e na dire\u00e7\u00e3o errada\u201d, escreve Alston. \u201cNo Brasil, o presidente Bolsonaro prometeu abrir a Floresta Amaz\u00f4nica para a minera\u00e7\u00e3o, acabar com a demarca\u00e7\u00e3o de terras ind\u00edgenas e enfraquecer as ag\u00eancias e prote\u00e7\u00e3o ambientais.\u201d<\/p>\n\n\n\n<p>Ao lado do Brasil, o especialista da ONU citou tamb\u00e9m o presidente americano, Donald Trump , e o governo chin\u00eas, sem citar nomes.<\/p>\n\n\n\n<p>\u201cA China est\u00e1 se esfor\u00e7ando para acabar com a depend\u00eancia do carv\u00e3o, mas exportando usinas movidas a carv\u00e3o para outros pa\u00edses, e deixando de lado as regulamenta\u00e7\u00f5es para emiss\u00f5es de metano em territ\u00f3rio nacional. Nos Estados Unidos, at\u00e9 recentemente o l\u00edder global em emiss\u00f5es, o presidente (Donald) Trump colocou antigos lobistas em cargos de supervis\u00e3o, adotou argumentos da ind\u00fastria, liderou um movimento de rea\u00e7\u00e3o contra as regulamenta\u00e7\u00f5es ambientais e est\u00e1 ativamente silenciando e ofuscando a ci\u00eancia clim\u00e1tica.\u201d<\/p>\n","protected":false},"excerpt":{"rendered":"<p>Em um documento publicado nesta ter\u00e7a-feira (25), o relator especial da ONU sobre pobreza extrema e direitos humanos , Philip Alston, fez duras cr\u00edticas ao&hellip; <\/p>\n","protected":false},"author":1,"featured_media":102196,"comment_status":"closed","ping_status":"closed","sticky":false,"template":"","format":"standard","meta":{"sfsi_plus_gutenberg_text_before_share":"","sfsi_plus_gutenberg_show_text_before_share":"","sfsi_plus_gutenberg_icon_type":"","sfsi_plus_gutenberg_icon_alignemt":"","sfsi_plus_gutenburg_max_per_row":"","footnotes":""},"categories":[11],"tags":[],"class_list":["post-102195","post","type-post","status-publish","format-standard","has-post-thumbnail","hentry","category-politica"],"_links":{"self":[{"href":"https:\/\/www.caririemacao.com\/1\/wp-json\/wp\/v2\/posts\/102195","targetHints":{"allow":["GET"]}}],"collection":[{"href":"https:\/\/www.caririemacao.com\/1\/wp-json\/wp\/v2\/posts"}],"about":[{"href":"https:\/\/www.caririemacao.com\/1\/wp-json\/wp\/v2\/types\/post"}],"author":[{"embeddable":true,"href":"https:\/\/www.caririemacao.com\/1\/wp-json\/wp\/v2\/users\/1"}],"replies":[{"embeddable":true,"href":"https:\/\/www.caririemacao.com\/1\/wp-json\/wp\/v2\/comments?post=102195"}],"version-history":[{"count":1,"href":"https:\/\/www.caririemacao.com\/1\/wp-json\/wp\/v2\/posts\/102195\/revisions"}],"predecessor-version":[{"id":102197,"href":"https:\/\/www.caririemacao.com\/1\/wp-json\/wp\/v2\/posts\/102195\/revisions\/102197"}],"wp:featuredmedia":[{"embeddable":true,"href":"https:\/\/www.caririemacao.com\/1\/wp-json\/wp\/v2\/media\/102196"}],"wp:attachment":[{"href":"https:\/\/www.caririemacao.com\/1\/wp-json\/wp\/v2\/media?parent=102195"}],"wp:term":[{"taxonomy":"category","embeddable":true,"href":"https:\/\/www.caririemacao.com\/1\/wp-json\/wp\/v2\/categories?post=102195"},{"taxonomy":"post_tag","embeddable":true,"href":"https:\/\/www.caririemacao.com\/1\/wp-json\/wp\/v2\/tags?post=102195"}],"curies":[{"name":"wp","href":"https:\/\/api.w.org\/{rel}","templated":true}]}}