{"id":102201,"date":"2019-06-27T06:11:17","date_gmt":"2019-06-27T09:11:17","guid":{"rendered":"http:\/\/www.caririemacao.com\/1\/?p=102201"},"modified":"2019-06-27T06:11:17","modified_gmt":"2019-06-27T09:11:17","slug":"prefeita-anna-lorena-emite-nota-de-agradecimento-pelo-sucesso-do-sao-joao-de-monteiro-2019","status":"publish","type":"post","link":"https:\/\/www.caririemacao.com\/1\/2019\/06\/27\/prefeita-anna-lorena-emite-nota-de-agradecimento-pelo-sucesso-do-sao-joao-de-monteiro-2019\/","title":{"rendered":"Prefeita Anna Lorena emite nota de agradecimento pelo sucesso do S\u00e3o Jo\u00e3o de Monteiro 2019"},"content":{"rendered":"\n<div class=\"wp-block-image\"><figure class=\"alignleft\"><img decoding=\"async\" data-src=\"https:\/\/i1.wp.com\/www.vitrinedocariri.com.br\/wp-content\/uploads\/2019\/06\/TKS.jpeg?zoom=2&amp;resize=330%2C330&amp;ssl=1\" alt=\"\" class=\"wp-image-47054 lazyload\" src=\"data:image\/svg+xml;base64,PHN2ZyB3aWR0aD0iMSIgaGVpZ2h0PSIxIiB4bWxucz0iaHR0cDovL3d3dy53My5vcmcvMjAwMC9zdmciPjwvc3ZnPg==\" \/><\/figure><\/div>\n\n\n\n<p>A prefeita Anna Lorena emitiu na tarde desta quinta-feira (26), uma nota de agradecimento pelo sucesso do S\u00e3o Jo\u00e3o de Monteiro 2019 \u2013 Uma Festa Cada Vez Melhor!.<\/p>\n\n\n\n<p>Confira a nota:<\/p>\n\n\n\n<p><em>Chegamos ao final da programa\u00e7\u00e3o do palco principal do S\u00e3o Jo\u00e3o de Monteiro 2019, e queremos agradecer a toda equipe que colaborou para a realiza\u00e7\u00e3o desse grandioso evento, a Pol\u00edcia Militar e Civil, ao Corpo de Bombeiros, as equipes de seguran\u00e7a privada, aos artistas e bandas, aos comerciantes, enfim, a todo p\u00fablico que fez dessa festa a maior edi\u00e7\u00e3o j\u00e1 realizada na hist\u00f3ria de Monteiro.<\/em><\/p>\n\n\n\n<p>\u00c9 preciso destacar tamb\u00e9m a tranquilidade que foi todo o evento, e isso foi fruto de toda uma estrutura de seguran\u00e7a montada &nbsp;na \u00e1rea de evento, com c\u00e2meras, drones, e mais de 150 homens trabalhando para garantir a paz dos forrozeiros que estiveram presentes no espa\u00e7o aberto ao p\u00fablico, camarotes e \u00e1rea vip.<\/p>\n\n\n\n<p><em>Em 2020, faremos uma festa ainda maior e melhor! At\u00e9 l\u00e1!<\/em><\/p>\n","protected":false},"excerpt":{"rendered":"<p>A prefeita Anna Lorena emitiu na tarde desta quinta-feira (26), uma nota de agradecimento pelo sucesso do S\u00e3o Jo\u00e3o de Monteiro 2019 \u2013 Uma Festa&hellip; <\/p>\n","protected":false},"author":1,"featured_media":102202,"comment_status":"closed","ping_status":"closed","sticky":false,"template":"","format":"standard","meta":{"sfsi_plus_gutenberg_text_before_share":"","sfsi_plus_gutenberg_show_text_before_share":"","sfsi_plus_gutenberg_icon_type":"","sfsi_plus_gutenberg_icon_alignemt":"","sfsi_plus_gutenburg_max_per_row":"","footnotes":""},"categories":[6,50],"tags":[],"class_list":["post-102201","post","type-post","status-publish","format-standard","has-post-thumbnail","hentry","category-cidades","category-destaque"],"_links":{"self":[{"href":"https:\/\/www.caririemacao.com\/1\/wp-json\/wp\/v2\/posts\/102201","targetHints":{"allow":["GET"]}}],"collection":[{"href":"https:\/\/www.caririemacao.com\/1\/wp-json\/wp\/v2\/posts"}],"about":[{"href":"https:\/\/www.caririemacao.com\/1\/wp-json\/wp\/v2\/types\/post"}],"author":[{"embeddable":true,"href":"https:\/\/www.caririemacao.com\/1\/wp-json\/wp\/v2\/users\/1"}],"replies":[{"embeddable":true,"href":"https:\/\/www.caririemacao.com\/1\/wp-json\/wp\/v2\/comments?post=102201"}],"version-history":[{"count":1,"href":"https:\/\/www.caririemacao.com\/1\/wp-json\/wp\/v2\/posts\/102201\/revisions"}],"predecessor-version":[{"id":102203,"href":"https:\/\/www.caririemacao.com\/1\/wp-json\/wp\/v2\/posts\/102201\/revisions\/102203"}],"wp:featuredmedia":[{"embeddable":true,"href":"https:\/\/www.caririemacao.com\/1\/wp-json\/wp\/v2\/media\/102202"}],"wp:attachment":[{"href":"https:\/\/www.caririemacao.com\/1\/wp-json\/wp\/v2\/media?parent=102201"}],"wp:term":[{"taxonomy":"category","embeddable":true,"href":"https:\/\/www.caririemacao.com\/1\/wp-json\/wp\/v2\/categories?post=102201"},{"taxonomy":"post_tag","embeddable":true,"href":"https:\/\/www.caririemacao.com\/1\/wp-json\/wp\/v2\/tags?post=102201"}],"curies":[{"name":"wp","href":"https:\/\/api.w.org\/{rel}","templated":true}]}}