{"id":102206,"date":"2019-06-27T08:07:22","date_gmt":"2019-06-27T11:07:22","guid":{"rendered":"http:\/\/www.caririemacao.com\/1\/?p=102206"},"modified":"2019-06-27T08:07:22","modified_gmt":"2019-06-27T11:07:22","slug":"carro-e-furtado-durante-festa-de-wesley-safadao-em-monteiro","status":"publish","type":"post","link":"https:\/\/www.caririemacao.com\/1\/2019\/06\/27\/carro-e-furtado-durante-festa-de-wesley-safadao-em-monteiro\/","title":{"rendered":"Carro \u00e9 Furtado durante festa de Wesley Safad\u00e3o em Monteiro"},"content":{"rendered":"\n<p>Homem teve seu carro furtado durante a madrugada desta quarta-feira (26), no munic\u00edpio de Monteiro no Cariri.<\/p>\n\n\n\n<p>O carro modelo Gol, de placa CIE 8828 foi roubado durante os shows de encerramento do S\u00e3o Jo\u00e3o 2019 de Monteiro-PB.<\/p>\n\n\n\n<p>Pelas redes sociais, o propriet\u00e1rio pede qualquer informa\u00e7\u00e3o que possa ajudar na localiza\u00e7\u00e3o do carro. Se voc\u00ea viu, ou tem alguma informa\u00e7\u00e3o que possa levar a sua localiza\u00e7\u00e3o, poder\u00e1 entrar em contato com propriet\u00e1rio pelo n\u00famero: (83) 9 9977-9084 ou atrav\u00e9s do 190.<\/p>\n","protected":false},"excerpt":{"rendered":"<p>Homem teve seu carro furtado durante a madrugada desta quarta-feira (26), no munic\u00edpio de Monteiro no Cariri. O carro modelo Gol, de placa CIE 8828&hellip; <\/p>\n","protected":false},"author":1,"featured_media":88728,"comment_status":"closed","ping_status":"closed","sticky":false,"template":"","format":"standard","meta":{"sfsi_plus_gutenberg_text_before_share":"","sfsi_plus_gutenberg_show_text_before_share":"","sfsi_plus_gutenberg_icon_type":"","sfsi_plus_gutenberg_icon_alignemt":"","sfsi_plus_gutenburg_max_per_row":"","footnotes":""},"categories":[12],"tags":[],"class_list":["post-102206","post","type-post","status-publish","format-standard","has-post-thumbnail","hentry","category-policia"],"_links":{"self":[{"href":"https:\/\/www.caririemacao.com\/1\/wp-json\/wp\/v2\/posts\/102206","targetHints":{"allow":["GET"]}}],"collection":[{"href":"https:\/\/www.caririemacao.com\/1\/wp-json\/wp\/v2\/posts"}],"about":[{"href":"https:\/\/www.caririemacao.com\/1\/wp-json\/wp\/v2\/types\/post"}],"author":[{"embeddable":true,"href":"https:\/\/www.caririemacao.com\/1\/wp-json\/wp\/v2\/users\/1"}],"replies":[{"embeddable":true,"href":"https:\/\/www.caririemacao.com\/1\/wp-json\/wp\/v2\/comments?post=102206"}],"version-history":[{"count":1,"href":"https:\/\/www.caririemacao.com\/1\/wp-json\/wp\/v2\/posts\/102206\/revisions"}],"predecessor-version":[{"id":102209,"href":"https:\/\/www.caririemacao.com\/1\/wp-json\/wp\/v2\/posts\/102206\/revisions\/102209"}],"wp:featuredmedia":[{"embeddable":true,"href":"https:\/\/www.caririemacao.com\/1\/wp-json\/wp\/v2\/media\/88728"}],"wp:attachment":[{"href":"https:\/\/www.caririemacao.com\/1\/wp-json\/wp\/v2\/media?parent=102206"}],"wp:term":[{"taxonomy":"category","embeddable":true,"href":"https:\/\/www.caririemacao.com\/1\/wp-json\/wp\/v2\/categories?post=102206"},{"taxonomy":"post_tag","embeddable":true,"href":"https:\/\/www.caririemacao.com\/1\/wp-json\/wp\/v2\/tags?post=102206"}],"curies":[{"name":"wp","href":"https:\/\/api.w.org\/{rel}","templated":true}]}}